{"id":647,"date":"2020-01-22T03:29:25","date_gmt":"2020-01-22T03:29:25","guid":{"rendered":"http:\/\/jornalhorizonte.com.br\/?p=647"},"modified":"2020-01-22T03:29:27","modified_gmt":"2020-01-22T03:29:27","slug":"peca-sobre-nancy-pelosi-presidente-da-camara-dos-eua-estreia-enquanto-comeca-julgamento-de-trump","status":"publish","type":"post","link":"https:\/\/jornalhorizonte.com.br\/?p=647","title":{"rendered":"Pe\u00e7a sobre Nancy Pelosi, presidente da C\u00e2mara dos EUA, estreia enquanto come\u00e7a julgamento de Trump"},"content":{"rendered":"\n<p>Presidente da C\u00e2mara dos Deputados dos EUA, Nancy Pelosi, durante entrevista coletiva em Washington 19\/12\/2019 REUTERS\/Erin Scott<\/p>\n\n\n\n<p>(Reuters) &#8211; Enquanto abrem-se as cortinas para o julgamento do impeachment do presidente dos Estados Unidos, Donald Trump, um mon\u00f3logo sobre a democrata Nancy Pelosi, primeira presidente da C\u00e2mara dos Deputados na hist\u00f3ria do pa\u00eds e uma das principais figuras do drama hist\u00f3rico que se desenrola em Washington, estreia nesta semana em Chicago. <\/p>\n\n\n\n<p>A produ\u00e7\u00e3o de \u201cA Adulta na Sala\u201d, que come\u00e7ou a tomar forma h\u00e1 cerca de um ano atr\u00e1s, foi acelerada para se manter no ritmo dos eventos que levaram \u00e0 aprova\u00e7\u00e3o do impeachment do presidente na C\u00e2mara dos Deputados, controlada pelos democratas, segundo informou o dramaturgo Bill McMahon \u00e0 r\u00e1dio WBBM. <\/p>\n\n\n\n<p>\u201cDurante todo o tempo em que estive trabalhando nesta pe\u00e7a, \u00e9 como se eu estivesse tentando me atualizar na hist\u00f3ria\u201d, conta McMahon. \u201cO final j\u00e1 mudou v\u00e1rias vezes.\u201d <\/p>\n\n\n\n<p>A pe\u00e7a com apenas uma atriz estrela Orlagh Cassidy, 51, no papel da californiana de 79 anos de idade. A obra de McMahon conta primeiramente a hist\u00f3ria de Pelosi, a democrata que est\u00e1 em seu 17\u00ba mandato como parlamentar representando um distrito congressional da Calif\u00f3rnia. <\/p>\n\n\n\n<p>Por conta da escolha de seus colegas para o cargo de presidente da C\u00e2mara pela segunda vez em 2019, ela \u00e9 tem o cargo pol\u00edtico mais importante a ser ocupado por uma mulher na hist\u00f3ria dos Estados Unidos. <\/p>\n","protected":false},"excerpt":{"rendered":"<p>Presidente da C\u00e2mara dos Deputados dos EUA, Nancy Pelosi, durante entrevista coletiva em Washington 19\/12\/2019 REUTERS\/Erin Scott (Reuters) &#8211; Enquanto abrem-se as cortinas para o julgamento do impeachment do presidente dos Estados Unidos, Donald Trump, um mon\u00f3logo sobre a democrata Nancy Pelosi, primeira presidente da C\u00e2mara dos Deputados na hist\u00f3ria do pa\u00eds e uma das [&hellip;]<\/p>\n","protected":false},"author":4,"featured_media":648,"comment_status":"open","ping_status":"open","sticky":false,"template":"","format":"standard","meta":{"footnotes":""},"categories":[2,19],"tags":[],"_links":{"self":[{"href":"https:\/\/jornalhorizonte.com.br\/index.php?rest_route=\/wp\/v2\/posts\/647"}],"collection":[{"href":"https:\/\/jornalhorizonte.com.br\/index.php?rest_route=\/wp\/v2\/posts"}],"about":[{"href":"https:\/\/jornalhorizonte.com.br\/index.php?rest_route=\/wp\/v2\/types\/post"}],"author":[{"embeddable":true,"href":"https:\/\/jornalhorizonte.com.br\/index.php?rest_route=\/wp\/v2\/users\/4"}],"replies":[{"embeddable":true,"href":"https:\/\/jornalhorizonte.com.br\/index.php?rest_route=%2Fwp%2Fv2%2Fcomments&post=647"}],"version-history":[{"count":0,"href":"https:\/\/jornalhorizonte.com.br\/index.php?rest_route=\/wp\/v2\/posts\/647\/revisions"}],"wp:featuredmedia":[{"embeddable":true,"href":"https:\/\/jornalhorizonte.com.br\/index.php?rest_route=\/wp\/v2\/media\/648"}],"wp:attachment":[{"href":"https:\/\/jornalhorizonte.com.br\/index.php?rest_route=%2Fwp%2Fv2%2Fmedia&parent=647"}],"wp:term":[{"taxonomy":"category","embeddable":true,"href":"https:\/\/jornalhorizonte.com.br\/index.php?rest_route=%2Fwp%2Fv2%2Fcategories&post=647"},{"taxonomy":"post_tag","embeddable":true,"href":"https:\/\/jornalhorizonte.com.br\/index.php?rest_route=%2Fwp%2Fv2%2Ftags&post=647"}],"curies":[{"name":"wp","href":"https:\/\/api.w.org\/{rel}","templated":true}]}}