{"id":640,"date":"2020-01-22T03:23:34","date_gmt":"2020-01-22T03:23:34","guid":{"rendered":"http:\/\/jornalhorizonte.com.br\/?p=640"},"modified":"2020-01-22T03:23:36","modified_gmt":"2020-01-22T03:23:36","slug":"bmw-comeca-a-vender-novo-esportivo-m135i-no-brasil","status":"publish","type":"post","link":"https:\/\/jornalhorizonte.com.br\/?p=640","title":{"rendered":"BMW come\u00e7a a vender novo esportivo M135i no Brasil"},"content":{"rendered":"\n<p>A BMW vai voltar a oferecer uma vers\u00e3o mais forte do S\u00e9rie 1 no Brasil. A nova M135i xDrive j\u00e1 est\u00e1 nas lojas da marca e representa um salto grande em rela\u00e7\u00e3o \u00e0 outra vers\u00e3o vendida, a 118i Sport GP. A novidade \u00e9 tabelada a R$ 269.950 e traz motor de 2,0 litros turbo com 306 cv.\n<\/p>\n\n\n\n<p>O propulsor \u00e9 o mesmo que equipa os novos Mini JCW Countryman e Clubman. O torque chega a 45,9 mkgf enviados \u00e0s quatro rodas pelo sistema de tra\u00e7\u00e3o integral. Segundo a BMW, o hatch acelera de 0 a 100 km\/h em 4,7 segundos e chega aos 250 km\/h. O c\u00e2mbio \u00e9 autom\u00e1tico de oito marchas.\n<\/p>\n\n\n\n<figure class=\"wp-block-image\"><img decoding=\"async\" src=\"https:\/\/p0.ipstatp.com\/large\/pgc-image-va\/RoGbousBGwTl6F\" alt=\"\"\/><\/figure>\n\n\n\n<p>A cabine \u00e9 recheada de itens de conforto, como ar-condicionado de duas zonas, chave presencial com partida por bot\u00e3o, sistema de som com alto-falantes da Harman-Kardon e sistema de estacionamento autom\u00e1tico. H\u00e1 ainda head-up display e um sistema que registra os \u00faltimos 50 metros percorridos numa manobra de estacionamento, e pode refaz\u00ea-los em marcha a r\u00e9.\n<\/p>\n\n\n\n<p>Os bancos s\u00e3o revestidos de couro e Alcantara. Partes de painel e console t\u00eam pl\u00e1stico e a\u00e7o escovado ainda. A vers\u00e3o esportiva tem detalhes especiais com acabamento M Sport, presente nas soleiras, volante e cintos de seguran\u00e7a.\n<\/p>\n\n\n\n<figure class=\"wp-block-image\"><img decoding=\"async\" src=\"https:\/\/p0.ipstatp.com\/large\/pgc-image-va\/RoGbown342RtlM\" alt=\"\"\/><\/figure>\n\n\n\n<h3 class=\"wp-block-heading\">M135i vem recheado de tecnologia<\/h3>\n\n\n\n<p>O cluster de instrumentos \u00e9 virtual, com tela de 10,25\u2033 configur\u00e1vel. A central multim\u00eddia tem outra tela, tamb\u00e9m com 10,25\u2033 e concentra as principais fun\u00e7\u00f5es do carro. A central j\u00e1 traz Apple CarPlay de s\u00e9rie. Recentemente, a BMW parou de cobrar extra pela compatibilidade com o sistema da Apple. No entanto, Android Auto ainda n\u00e3o est\u00e1 dispon\u00edvel.\n<\/p>\n\n\n\n<p>O sistema da BMW ainda traz assistente pessoal, como os de telefones celulares. Com comandos de voz, o usu\u00e1rio pode comandar o navegador, som e ar-condicionado, por exemplo. Por meio de um chip de telefonia m\u00f3vel, o carro ainda tem servi\u00e7o de concierge e de emerg\u00eancia em caso de acidentes.\n<\/p>\n\n\n\n<p>A carroceria tamb\u00e9m recebeu tratamento especial com parachoques mais esportivos, grade frontal preta e suspens\u00e3o mais baixa. As rodas s\u00e3o de 18 polegadas exclusivas da vers\u00e3o.\n<\/p>\n\n\n\n<figure class=\"wp-block-image\"><img decoding=\"async\" src=\"https:\/\/p0.ipstatp.com\/large\/pgc-image-va\/RoGbozSAlnW1jA\" alt=\"\"\/><\/figure>\n","protected":false},"excerpt":{"rendered":"<p>A BMW vai voltar a oferecer uma vers\u00e3o mais forte do S\u00e9rie 1 no Brasil. A nova M135i xDrive j\u00e1 est\u00e1 nas lojas da marca e representa um salto grande em rela\u00e7\u00e3o \u00e0 outra vers\u00e3o vendida, a 118i Sport GP. A novidade \u00e9 tabelada a R$ 269.950 e traz motor de 2,0 litros turbo com [&hellip;]<\/p>\n","protected":false},"author":3,"featured_media":641,"comment_status":"open","ping_status":"open","sticky":false,"template":"","format":"standard","meta":{"footnotes":""},"categories":[1],"tags":[],"_links":{"self":[{"href":"https:\/\/jornalhorizonte.com.br\/index.php?rest_route=\/wp\/v2\/posts\/640"}],"collection":[{"href":"https:\/\/jornalhorizonte.com.br\/index.php?rest_route=\/wp\/v2\/posts"}],"about":[{"href":"https:\/\/jornalhorizonte.com.br\/index.php?rest_route=\/wp\/v2\/types\/post"}],"author":[{"embeddable":true,"href":"https:\/\/jornalhorizonte.com.br\/index.php?rest_route=\/wp\/v2\/users\/3"}],"replies":[{"embeddable":true,"href":"https:\/\/jornalhorizonte.com.br\/index.php?rest_route=%2Fwp%2Fv2%2Fcomments&post=640"}],"version-history":[{"count":0,"href":"https:\/\/jornalhorizonte.com.br\/index.php?rest_route=\/wp\/v2\/posts\/640\/revisions"}],"wp:featuredmedia":[{"embeddable":true,"href":"https:\/\/jornalhorizonte.com.br\/index.php?rest_route=\/wp\/v2\/media\/641"}],"wp:attachment":[{"href":"https:\/\/jornalhorizonte.com.br\/index.php?rest_route=%2Fwp%2Fv2%2Fmedia&parent=640"}],"wp:term":[{"taxonomy":"category","embeddable":true,"href":"https:\/\/jornalhorizonte.com.br\/index.php?rest_route=%2Fwp%2Fv2%2Fcategories&post=640"},{"taxonomy":"post_tag","embeddable":true,"href":"https:\/\/jornalhorizonte.com.br\/index.php?rest_route=%2Fwp%2Fv2%2Ftags&post=640"}],"curies":[{"name":"wp","href":"https:\/\/api.w.org\/{rel}","templated":true}]}}