{"id":605,"date":"2019-11-06T20:29:53","date_gmt":"2019-11-06T20:29:53","guid":{"rendered":"http:\/\/jornalhorizonte.com.br\/?p=605"},"modified":"2019-11-06T20:29:56","modified_gmt":"2019-11-06T20:29:56","slug":"brasileira-faz-campanha-para-filho-especial-vitima-de-erro-medico","status":"publish","type":"post","link":"https:\/\/jornalhorizonte.com.br\/?p=605","title":{"rendered":"Brasileira faz campanha para filho especial v\u00edtima de erro m\u00e9dico"},"content":{"rendered":"\n<p>Recentemente, Bruno Luiz, natural de Vit\u00f3ria (ES), completou 14 anos para a alegria de seus familiares, entretanto, a cadeira de rodas usada para locomover o adolescente tornou-se pequena. Em decorr\u00eancia disso, Marla Gomes Delmiro, m\u00e3e do jovem, iniciou no website GoFundMe.com a campanha beneficente:&nbsp;<a href=\"https:\/\/www.gofundme.com\/f\/tsz7s-new-wheelchair-for-bruno\">https:\/\/www.gofundme.com\/f\/tsz7s-new-wheelchair-for-bruno<\/a>; cujo objetivo \u00e9 angariar US$ 2.600. A verba arrecadada ser\u00e1 utilizada para comprar uma cadeira da marca e modelo \u201cConvaid Rodeo \u2013 Tilt Stroller\u201d, apropriada para as condi\u00e7\u00f5es do brasileiro. At\u00e9 a tarde de quinta-feira (31), haviam sido doados US$ 370.<\/p>\n\n\n\n<p>\u201cMeu nome \u00e9 Marla Gomes Delmiro, sou m\u00e3e de um menino especial, atualmente adolescente de 14 anos (o tempo passa t\u00e3o r\u00e1pido) e o nome dele \u00e9 Bruno Luiz. Eu sei que todos os pais amorosos s\u00e3o iguais\u2026 eles amam seus filhos de todo cora\u00e7\u00e3o e querem o melhor para eles. Bruno \u00e9 nada menos que uma pessoa bonita\u2026 por dentro e por fora, e tem sido assim desde o primeiro dia que vi seu rostinho. Ainda na gesta\u00e7\u00e3o, verificou-se que o pequeno Bruno apresentava m\u00e1 forma\u00e7\u00e3o no rim esquerdo, do qual, posteriormente, aos 5 meses de vida, foi submetido \u00e0 uma cirurgia de \u2018pieloplastia\u2019 para reparar esse problema de sa\u00fade. No entanto, meu filho foi v\u00edtima de um erro m\u00e9dico no momento da cirurgia. N\u00e3o sabemos ao certo o que aconteceu, ele ficou internado por 19 dias na UTI, teve 2 paradas card\u00edacos e, por um milagre de Deus, meu filho sobreviveu. Como resultado dessa situa\u00e7\u00e3o, ele teve sequelas neurol\u00f3gicas graves e, dia ap\u00f3s dia, est\u00e1 se recuperando. Atualmente, como mencionado, Bruno tem 14 anos e \u00e9 totalmente dependente, n\u00e3o se senta sozinho, n\u00e3o anda, n\u00e3o fala. E, apesar de tudo o que j\u00e1 passou, ele carrega um sorriso contagioso e uma imensa alegria de viver. Posso dizer honestamente que ele sempre teve essa atitude de felicidade e sempre teve uma vis\u00e3o positiva da vida. Ele inspira os outros com sua for\u00e7a e alegria.<\/p>\n\n\n\n<p>M\u00e3e falando aqui \u2026. processamos o hospital e os m\u00e9dicos por seu erro, mas infelizmente no Brasil, onde moramos, especificamente na bela cidade de Vit\u00f3ria, a justi\u00e7a n\u00e3o funciona muito bem nesses casos, s\u00e3o muito lentos, fazem 14 anos, at\u00e9 agora nada aconteceu ainda, esperamos que um dia haja uma decis\u00e3o judicial a favor do Bruno. Sou m\u00e3e solteira\/divorciada, sempre tivemos problemas financeiros, mas trabalho duro h\u00e1 mais de 15 anos em um hotel local para cuidar dos meus filhos, tenho 3, Bruno, o mais novo, e duas meninas, uma j\u00e1 \u00e9 casada e tem um lindo filho; meu primeiro neto, e a outra \u00e9 solteira, ela dedica sua vida a cuidar de seu irm\u00e3o. Parece que estamos sempre pagando contas e comprando as coisas que ele precisa, a qualquer custo necess\u00e1rio, simplesmente porque ele precisa\u2026 \u00e9 isso que os pais fazem. A raz\u00e3o pela qual eu comecei esta p\u00e1gina do GoFundMe \u00e9 obter ajuda com a nossa situa\u00e7\u00e3o atual\u2026 sua cadeira de rodas. Tem 4 anos e j\u00e1 \u00e9 pequena e n\u00e3o o comporta mais. Isso significa que ele a tem desde os 10 anos.<\/p>\n\n\n\n<p>As crian\u00e7as crescem muito nesses 4 anos. Bruno precisa de uma cadeira de rodas espec\u00edfica para pessoas com necessidades especiais e para ajudar com sua postura, a marca \u00e9 \u2018Convaid Rodeo \u2013 Tilt Stroller\u2019; tem capacidade para mant\u00ea-lo completamente seguro e manter a sua postura, pois ele n\u00e3o tem controle de seus movimentos. Nosso seguro n\u00e3o cobre este tipo de equipamento e para n\u00f3s&nbsp; \u00e9 muito caro, cerca de R$ 12 mil no Brasil. Nos EUA, custa cerca de US$ 2.300, mais frete para o Brasil, totaliza cerca de US$ 2.600. A cadeira de rodas dele \u00e9 o que usamos para transporta-lo o dia todo, todos os dias! Passou da hora de ele ter uma cadeira de rodas nova\/maior.<\/p>\n\n\n\n<p>Estamos numa fase desesperada. Uma nova cadeira permitiria que Bruno se sentisse melhor, fosse transportado com mais seguran\u00e7a e tivesse uma melhor postura\u2026 tudo melhorias para ele. \u00c9 urgente qualquer doa\u00e7\u00e3o que voc\u00ea possa oferecer e apreciamos qualquer coisa que possa oferecer. Quando o nosso objetivo for atingido\u2026 levar\u00e1 apenas 2 semanas para fazer o pedido e, em seguida, o nosso Bruno ficar\u00e1 como novo! Contamos com voc\u00ea para nos ajudar, que Deus os aben\u00e7oe abundantemente! Muito obrigada. Marla Gomes Delmiro\u201d, diz a postagem no GoFundMe.com.<\/p>\n","protected":false},"excerpt":{"rendered":"<p>Recentemente, Bruno Luiz, natural de Vit\u00f3ria (ES), completou 14 anos para a alegria de seus familiares, entretanto, a cadeira de rodas usada para locomover o adolescente tornou-se pequena. Em decorr\u00eancia disso, Marla Gomes Delmiro, m\u00e3e do jovem, iniciou no website GoFundMe.com a campanha beneficente:&nbsp;https:\/\/www.gofundme.com\/f\/tsz7s-new-wheelchair-for-bruno; cujo objetivo \u00e9 angariar US$ 2.600. A verba arrecadada ser\u00e1 utilizada [&hellip;]<\/p>\n","protected":false},"author":4,"featured_media":606,"comment_status":"open","ping_status":"open","sticky":false,"template":"","format":"standard","meta":{"footnotes":""},"categories":[19],"tags":[],"_links":{"self":[{"href":"https:\/\/jornalhorizonte.com.br\/index.php?rest_route=\/wp\/v2\/posts\/605"}],"collection":[{"href":"https:\/\/jornalhorizonte.com.br\/index.php?rest_route=\/wp\/v2\/posts"}],"about":[{"href":"https:\/\/jornalhorizonte.com.br\/index.php?rest_route=\/wp\/v2\/types\/post"}],"author":[{"embeddable":true,"href":"https:\/\/jornalhorizonte.com.br\/index.php?rest_route=\/wp\/v2\/users\/4"}],"replies":[{"embeddable":true,"href":"https:\/\/jornalhorizonte.com.br\/index.php?rest_route=%2Fwp%2Fv2%2Fcomments&post=605"}],"version-history":[{"count":0,"href":"https:\/\/jornalhorizonte.com.br\/index.php?rest_route=\/wp\/v2\/posts\/605\/revisions"}],"wp:featuredmedia":[{"embeddable":true,"href":"https:\/\/jornalhorizonte.com.br\/index.php?rest_route=\/wp\/v2\/media\/606"}],"wp:attachment":[{"href":"https:\/\/jornalhorizonte.com.br\/index.php?rest_route=%2Fwp%2Fv2%2Fmedia&parent=605"}],"wp:term":[{"taxonomy":"category","embeddable":true,"href":"https:\/\/jornalhorizonte.com.br\/index.php?rest_route=%2Fwp%2Fv2%2Fcategories&post=605"},{"taxonomy":"post_tag","embeddable":true,"href":"https:\/\/jornalhorizonte.com.br\/index.php?rest_route=%2Fwp%2Fv2%2Ftags&post=605"}],"curies":[{"name":"wp","href":"https:\/\/api.w.org\/{rel}","templated":true}]}}