{"id":593,"date":"2019-10-11T14:09:54","date_gmt":"2019-10-11T14:09:54","guid":{"rendered":"http:\/\/jornalhorizonte.com.br\/?p=593"},"modified":"2019-10-11T14:09:57","modified_gmt":"2019-10-11T14:09:57","slug":"embaixada-dos-eua-reafirma-apoio-ao-brasil-na-ocde","status":"publish","type":"post","link":"https:\/\/jornalhorizonte.com.br\/?p=593","title":{"rendered":"Embaixada dos EUA reafirma apoio ao Brasil na OCDE"},"content":{"rendered":"\n<p>A Embaixada dos Estados Unidos no Brasil divulgou nota oficial, hoje (10), para reafirmar o apoio do pa\u00eds ao ingresso do Brasil na Organiza\u00e7\u00e3o para a Coopera\u00e7\u00e3o e o Desenvolvimento Econ\u00f4mico (OCDE).<\/p>\n\n\n\n<p>\u201cA declara\u00e7\u00e3o conjunta de 19 de mar\u00e7o do presidente [Donald] Trump e do presidente [Jair] Bolsonaro afirmou claramente o apoio ao Brasil para iniciar o processo para se tornar um membro pleno da OCDE e saudou os esfor\u00e7os cont\u00ednuos do Brasil em rela\u00e7\u00e3o \u00e0s reformas econ\u00f4micas, melhores pr\u00e1ticas e conformidade com as normas da OCDE. Continuamos mantendo essa declara\u00e7\u00e3o\u201d, diz a nota.<\/p>\n\n\n\n<p>Mais cedo, a ag\u00eancia de not\u00edcias Bloomberg noticiou que governo dos Estados Unidos, por meio do secret\u00e1rio de Estado, Mike Pompeo, rejeitou um pedido para discutir o aumento de integrantes na OCDE, grupo que re\u00fane 36 pa\u00edses, a maioria da Europa e Am\u00e9rica do Norte. De acordo com a ag\u00eancia, a informa\u00e7\u00e3o constava em uma carta enviada por Pompeo ao secret\u00e1rio-geral da OCDE, Angel Gurria. No documento, os EUA confirmam apoio formal \u00e0 entrada da Argentina e da Rom\u00eania no grupo.<\/p>\n\n\n\n<p>A Embaixada dos EUA diz ainda na nota que o governo do pa\u00eds apoia a expans\u00e3o da OCDE, mas em \u201critmo controlado\u201d, e defende uma press\u00e3o maior por reformas nos pa\u00edses que desejam integrar o grupo.<\/p>\n\n\n\n<p>\u201cApoiamos a expans\u00e3o da OCDE a um ritmo controlado que leve em conta a necessidade de pressionar as reformas de governan\u00e7a e o planejamento de sucess\u00e3o\u201d. A nota ainda acrescenta que todo o processo de nova ades\u00f5es, incluindo calend\u00e1rio e ordem dos convites, deve ser constru\u00eddo por meio de consenso. \u201cContinuaremos a trabalhar com outros membros da OCDE para encontrar um caminho para a expans\u00e3o da institui\u00e7\u00e3o. Todos os 36 pa\u00edses membros da OCDE devem concordar, por consenso, com o calend\u00e1rio e a ordem dos convites para iniciar o processo de ades\u00e3o \u00e0 OCDE\u201d.<\/p>\n\n\n\n<h2 class=\"wp-block-heading\">Onyx<\/h2>\n\n\n\n<p>Em S\u00e3o Paulo, onde cumpriu agenda nesta quinta-feira (10), o ministro-chefe da Casa Civil, Onyx Lorenzoni, minimizou a decis\u00e3o, por parte do governo dos EUA, de limitar a amplia\u00e7\u00e3o da OCDE, no momento. Para ele, o mais importante \u00e9 que o Brasil consiga internalizar reformas econ\u00f4micas e administrativas para se adequar aos padr\u00f5es exigidos pela OCDE.<\/p>\n\n\n\n<p>\u201cO pa\u00eds, por determina\u00e7\u00e3o do presidente Jair Bolsonaro, e toda a equipe ministerial, est\u00e1 determinada a cumprir todas aquelas exig\u00eancias que os pa\u00edses membros da OCDE t\u00eam que praticar na sua rela\u00e7\u00e3o com a sociedade, nas rela\u00e7\u00f5es com o mundo econ\u00f4mico, nas rela\u00e7\u00f5es internacionais\u201d, disse o ministro. \u201cO padr\u00e3o de conviv\u00eancia, o padr\u00e3o de presta\u00e7\u00e3o de servi\u00e7o e o padr\u00e3o de regula\u00e7\u00e3o do pa\u00eds t\u00eam que estar dentro de um standard e n\u00f3s vamos trabalhar para colocar o Brasil dentro do standard\u201d, acrescentou.<\/p>\n\n\n\n<h2 class=\"wp-block-heading\">OCDE<\/h2>\n\n\n\n<p>Criada em 1961 e com sede em Paris, a OCDE \u00e9 uma organiza\u00e7\u00e3o internacional formada por 36 pa\u00edses, incluindo algumas das principais economias desenvolvidas do mundo, como Estados Unidos, Jap\u00e3o e pa\u00edses da Uni\u00e3o Europeia. \u00c9 vista como um \u201cclube dos ricos\u201d, mas tamb\u00e9m tem entre seus membros economias emergentes latino-americanas, como M\u00e9xico, Chile e Col\u00f4mbia.<\/p>\n\n\n\n<figure><iframe loading=\"lazy\" src=\"https:\/\/tpc.googlesyndication.com\/safeframe\/1-0-35\/html\/container.html\" width=\"300\" height=\"250\"><\/iframe><\/figure>\n","protected":false},"excerpt":{"rendered":"<p>A Embaixada dos Estados Unidos no Brasil divulgou nota oficial, hoje (10), para reafirmar o apoio do pa\u00eds ao ingresso do Brasil na Organiza\u00e7\u00e3o para a Coopera\u00e7\u00e3o e o Desenvolvimento Econ\u00f4mico (OCDE). \u201cA declara\u00e7\u00e3o conjunta de 19 de mar\u00e7o do presidente [Donald] Trump e do presidente [Jair] Bolsonaro afirmou claramente o apoio ao Brasil para [&hellip;]<\/p>\n","protected":false},"author":4,"featured_media":594,"comment_status":"open","ping_status":"open","sticky":false,"template":"","format":"standard","meta":{"footnotes":""},"categories":[19],"tags":[],"_links":{"self":[{"href":"https:\/\/jornalhorizonte.com.br\/index.php?rest_route=\/wp\/v2\/posts\/593"}],"collection":[{"href":"https:\/\/jornalhorizonte.com.br\/index.php?rest_route=\/wp\/v2\/posts"}],"about":[{"href":"https:\/\/jornalhorizonte.com.br\/index.php?rest_route=\/wp\/v2\/types\/post"}],"author":[{"embeddable":true,"href":"https:\/\/jornalhorizonte.com.br\/index.php?rest_route=\/wp\/v2\/users\/4"}],"replies":[{"embeddable":true,"href":"https:\/\/jornalhorizonte.com.br\/index.php?rest_route=%2Fwp%2Fv2%2Fcomments&post=593"}],"version-history":[{"count":0,"href":"https:\/\/jornalhorizonte.com.br\/index.php?rest_route=\/wp\/v2\/posts\/593\/revisions"}],"wp:featuredmedia":[{"embeddable":true,"href":"https:\/\/jornalhorizonte.com.br\/index.php?rest_route=\/wp\/v2\/media\/594"}],"wp:attachment":[{"href":"https:\/\/jornalhorizonte.com.br\/index.php?rest_route=%2Fwp%2Fv2%2Fmedia&parent=593"}],"wp:term":[{"taxonomy":"category","embeddable":true,"href":"https:\/\/jornalhorizonte.com.br\/index.php?rest_route=%2Fwp%2Fv2%2Fcategories&post=593"},{"taxonomy":"post_tag","embeddable":true,"href":"https:\/\/jornalhorizonte.com.br\/index.php?rest_route=%2Fwp%2Fv2%2Ftags&post=593"}],"curies":[{"name":"wp","href":"https:\/\/api.w.org\/{rel}","templated":true}]}}