{"id":578,"date":"2019-09-13T15:50:57","date_gmt":"2019-09-13T15:50:57","guid":{"rendered":"http:\/\/jornalhorizonte.com.br\/?p=578"},"modified":"2019-09-13T15:51:00","modified_gmt":"2019-09-13T15:51:00","slug":"mais-de-2-500-pessoas-estao-desaparecidas-nas-bahamas","status":"publish","type":"post","link":"https:\/\/jornalhorizonte.com.br\/?p=578","title":{"rendered":"Mais de 2.500 pessoas est\u00e3o desaparecidas nas Bahamas"},"content":{"rendered":"\n<p>Ap\u00f3s o furac\u00e3o Dorian, al\u00e9m das mortes, cujo n\u00famero aumenta a cada dia, uma lista provis\u00f3ria de desaparecidos nas Bahamas contabilizou 2.500 nomes, segundo as ag\u00eancias France Presse e Associated Press, na quarta-feira, 11.<\/p>\n\n\n\n<p>O n\u00famero de mortos pelo furac\u00e3o subiu para 50, anunciou na ter\u00e7a-feira, 10, um porta-voz da Ag\u00eancia Nacional de Gerenciamento de Emerg\u00eancias do pa\u00eds. A maior parte das v\u00edtimas fatais est\u00e1 na ilha de Grand \u00c1baco.<\/p>\n\n\n\n<p>O porta-voz da NEMA disse que mais de 5.000 pessoas j\u00e1 tinham sido evacuadas das ilhas Grande Bahama e \u00c1baco, que foram devastadas por Dorian. No entanto, detalhou que durante o \u00faltimo dia, houve uma \u201credu\u00e7\u00e3o significativa\u201d do n\u00famero de pessoas que buscam sair. Smith disse ter autorizado a retomada de voos comerciais para a ilha de \u00c1baco de forma \u201climitada\u201d, mas que seria dada prioridade aos voos de socorro e evacua\u00e7\u00e3o.<\/p>\n\n\n\n<p>Equipes de resgate, autoridades e pessoas que tiveram que deixar suas casas acreditam que o n\u00famero deve subir, \u00e0 medida que mais corpos s\u00e3o retirados dos escombros de um bairro que ficou destru\u00eddo em Marsh Harbour, em \u00c1baco.<\/p>\n\n\n\n<p>Al\u00e9m das milhares de pessoas que est\u00e3o desaparecidas, cerca de 70 mil precisam de abrigo ou comida, segundo estimativa das Na\u00e7\u00f5es Unidas.<\/p>\n\n\n\n<p>Analistas privados estimam que cerca de US$ 3 bilh\u00f5es (R$ 12 bilh\u00f5es) em bens materiais segurados foram destru\u00eddos ou danificados no Caribe.<\/p>\n\n\n\n<p><strong>Migra\u00e7\u00e3o para os EUA<\/strong><\/p>\n\n\n\n<p>Motivo de discuss\u00e3o nos \u00faltimos dias, o governo federal n\u00e3o deve conceder o TPS \u2013 Temporary Protected Status \u2013 visto tempor\u00e1rio de prote\u00e7\u00e3o como forma de ajuda humanit\u00e1ria, segundo um funcion\u00e1rio do governo na ter\u00e7a-feira, 10, \u00e0 CNN.&nbsp;<\/p>\n","protected":false},"excerpt":{"rendered":"<p>Ap\u00f3s o furac\u00e3o Dorian, al\u00e9m das mortes, cujo n\u00famero aumenta a cada dia, uma lista provis\u00f3ria de desaparecidos nas Bahamas contabilizou 2.500 nomes, segundo as ag\u00eancias France Presse e Associated Press, na quarta-feira, 11. O n\u00famero de mortos pelo furac\u00e3o subiu para 50, anunciou na ter\u00e7a-feira, 10, um porta-voz da Ag\u00eancia Nacional de Gerenciamento de [&hellip;]<\/p>\n","protected":false},"author":4,"featured_media":579,"comment_status":"open","ping_status":"open","sticky":false,"template":"","format":"standard","meta":{"footnotes":""},"categories":[19],"tags":[],"_links":{"self":[{"href":"https:\/\/jornalhorizonte.com.br\/index.php?rest_route=\/wp\/v2\/posts\/578"}],"collection":[{"href":"https:\/\/jornalhorizonte.com.br\/index.php?rest_route=\/wp\/v2\/posts"}],"about":[{"href":"https:\/\/jornalhorizonte.com.br\/index.php?rest_route=\/wp\/v2\/types\/post"}],"author":[{"embeddable":true,"href":"https:\/\/jornalhorizonte.com.br\/index.php?rest_route=\/wp\/v2\/users\/4"}],"replies":[{"embeddable":true,"href":"https:\/\/jornalhorizonte.com.br\/index.php?rest_route=%2Fwp%2Fv2%2Fcomments&post=578"}],"version-history":[{"count":0,"href":"https:\/\/jornalhorizonte.com.br\/index.php?rest_route=\/wp\/v2\/posts\/578\/revisions"}],"wp:featuredmedia":[{"embeddable":true,"href":"https:\/\/jornalhorizonte.com.br\/index.php?rest_route=\/wp\/v2\/media\/579"}],"wp:attachment":[{"href":"https:\/\/jornalhorizonte.com.br\/index.php?rest_route=%2Fwp%2Fv2%2Fmedia&parent=578"}],"wp:term":[{"taxonomy":"category","embeddable":true,"href":"https:\/\/jornalhorizonte.com.br\/index.php?rest_route=%2Fwp%2Fv2%2Fcategories&post=578"},{"taxonomy":"post_tag","embeddable":true,"href":"https:\/\/jornalhorizonte.com.br\/index.php?rest_route=%2Fwp%2Fv2%2Ftags&post=578"}],"curies":[{"name":"wp","href":"https:\/\/api.w.org\/{rel}","templated":true}]}}