{"id":571,"date":"2019-09-09T13:04:15","date_gmt":"2019-09-09T13:04:15","guid":{"rendered":"http:\/\/jornalhorizonte.com.br\/?p=571"},"modified":"2019-09-09T13:06:04","modified_gmt":"2019-09-09T13:06:04","slug":"bh-tem-primeira-morte-apos-queda-de-patinete","status":"publish","type":"post","link":"https:\/\/jornalhorizonte.com.br\/?p=571","title":{"rendered":"BH tem primeira morte ap\u00f3s queda de patinete"},"content":{"rendered":"\n<p>A primeira morte provocada ap\u00f3s uma queda de patinete el\u00e9trico compartilhado no pa\u00eds foi registrada durante o<br> fim de semana em Belo Horizonte. De acordo com a Secretaria Municipal de Sa\u00fade, a trag\u00e9dia aconteceu na ciclovia da avenida Paran\u00e1, na regi\u00e3o central da capital, pr\u00f3ximo \u00e0 esquina com a rua dos Tupis. Roberto Pinto Batista J\u00fanior, de 43 anos, usava o equipamento pela primeira vez, na tarde de s\u00e1bado, conforme relato de familiares,<br> quando trope\u00e7ou e bateu a cabe\u00e7a em um bloco de concreto que fazia separa\u00e7\u00e3o da via. Durante o atendimento do Samu, a v\u00edtima j\u00e1 estava inconsciente e teve duas paradas cardiorrespirat\u00f3rias por conta do traumatismo craniano grave. Ela foi encaminhada para o Hospital Jo\u00e3o XXIII, mas n\u00e3o resistiu aos ferimentos e morreu no fim da noite.<br> O engenheiro e empres\u00e1rio foi enterrado ontem no cemit\u00e9rio Parque da Colina, na regi\u00e3o Oeste da cidade. Ele deixou a esposa e dois filhos, de cinco e sete anos.<\/p>\n\n\n\n<figure class=\"wp-block-image\"><img loading=\"lazy\" decoding=\"async\" width=\"752\" height=\"470\" src=\"https:\/\/jornalhorizonte.com.br\/wp-content\/uploads\/2019\/09\/download-8.png\" alt=\"\" class=\"wp-image-573\" srcset=\"https:\/\/jornalhorizonte.com.br\/wp-content\/uploads\/2019\/09\/download-8.png 752w, https:\/\/jornalhorizonte.com.br\/wp-content\/uploads\/2019\/09\/download-8-300x188.png 300w, https:\/\/jornalhorizonte.com.br\/wp-content\/uploads\/2019\/09\/download-8-696x435.png 696w, https:\/\/jornalhorizonte.com.br\/wp-content\/uploads\/2019\/09\/download-8-672x420.png 672w\" sizes=\"(max-width: 752px) 100vw, 752px\" \/><figcaption>Engenheiro de 43 anos morto em acidente com patinete<\/figcaption><\/figure>\n\n\n\n<p><br> Em nota, a Yellow, respons\u00e1vel pelo patinete el\u00e9trico, manifestou \u201cprofundo pesar e solidariedade com os familiares de Roberto Pinto Batista J\u00fanior que, de acordo com fontes oficiais, sofreu um acidente fatal ao trafegar\u201d com o equipamento. A empresa informou ainda que \u201cest\u00e1 em contato direto com a fam\u00edlia<br> da v\u00edtima para prestar todo o apoio poss\u00edvel neste momento e tamb\u00e9m est\u00e1 em di\u00e1logo com as autoridades locais para ajudar a esclarecer de que forma o acidente ocorreu\u201d.<\/p>\n\n\n\n<p><br> Falta regulamenta\u00e7\u00e3o No fim de julho, o prefeito Alexandre Kalil (PSD) vetou o projeto de lei que regulamentava os patinetes el\u00e9tricos e bicicletas compartilhadas em Belo Horizonte. Na justificativa, a prefeitura alegou que o texto \u00e9 inconstitucional por violar o \u201cprinc\u00edpio da separa\u00e7\u00e3o de poderes\u201d. O veto foi mantido pelos parlamentares na \u00faltima semana. Al\u00e9m de estabelecer regras para o compartilhamento na capital, o projeto trazia a ado\u00e7\u00e3o de medidas pelas empresas para incentivar o uso de equipamentos de seguran\u00e7a<br> pelos usu\u00e1rios. A disponibiliza\u00e7\u00e3o ou n\u00e3o de capacetes pelas empresas \u2013 resolu\u00e7\u00e3o do Contran (Conselho Nacional de Tr\u00e2nsito) de 2013 aponta a obrigatoriedade do uso \u2013 seria definida pelo Executivo<br> atrav\u00e9s de decreto. J\u00e1 a BHTrans enfatizou que \u201ccriou um grupo de trabalho que est\u00e1 elaborando uma regulamenta\u00e7\u00e3o complementar que disp\u00f5e, principalmente, sobre as regras de circula\u00e7\u00e3o\u201d. Ele \u00e9 formado pelas secretarias de Sa\u00fade e Pol\u00edtica Urbana e tamb\u00e9m a Guarda Municipal. O servi\u00e7o de compartilhamento de patinetes el\u00e9tricos chegou em janeiro deste ano na cidade. M<\/p>\n","protected":false},"excerpt":{"rendered":"<p>A primeira morte provocada ap\u00f3s uma queda de patinete el\u00e9trico compartilhado no pa\u00eds foi registrada durante o fim de semana em Belo Horizonte. De acordo com a Secretaria Municipal de Sa\u00fade, a trag\u00e9dia aconteceu na ciclovia da avenida Paran\u00e1, na regi\u00e3o central da capital, pr\u00f3ximo \u00e0 esquina com a rua dos Tupis. Roberto Pinto Batista [&hellip;]<\/p>\n","protected":false},"author":3,"featured_media":572,"comment_status":"open","ping_status":"open","sticky":false,"template":"","format":"standard","meta":{"footnotes":""},"categories":[1],"tags":[],"_links":{"self":[{"href":"https:\/\/jornalhorizonte.com.br\/index.php?rest_route=\/wp\/v2\/posts\/571"}],"collection":[{"href":"https:\/\/jornalhorizonte.com.br\/index.php?rest_route=\/wp\/v2\/posts"}],"about":[{"href":"https:\/\/jornalhorizonte.com.br\/index.php?rest_route=\/wp\/v2\/types\/post"}],"author":[{"embeddable":true,"href":"https:\/\/jornalhorizonte.com.br\/index.php?rest_route=\/wp\/v2\/users\/3"}],"replies":[{"embeddable":true,"href":"https:\/\/jornalhorizonte.com.br\/index.php?rest_route=%2Fwp%2Fv2%2Fcomments&post=571"}],"version-history":[{"count":0,"href":"https:\/\/jornalhorizonte.com.br\/index.php?rest_route=\/wp\/v2\/posts\/571\/revisions"}],"wp:featuredmedia":[{"embeddable":true,"href":"https:\/\/jornalhorizonte.com.br\/index.php?rest_route=\/wp\/v2\/media\/572"}],"wp:attachment":[{"href":"https:\/\/jornalhorizonte.com.br\/index.php?rest_route=%2Fwp%2Fv2%2Fmedia&parent=571"}],"wp:term":[{"taxonomy":"category","embeddable":true,"href":"https:\/\/jornalhorizonte.com.br\/index.php?rest_route=%2Fwp%2Fv2%2Fcategories&post=571"},{"taxonomy":"post_tag","embeddable":true,"href":"https:\/\/jornalhorizonte.com.br\/index.php?rest_route=%2Fwp%2Fv2%2Ftags&post=571"}],"curies":[{"name":"wp","href":"https:\/\/api.w.org\/{rel}","templated":true}]}}