{"id":560,"date":"2019-09-05T02:47:56","date_gmt":"2019-09-05T02:47:56","guid":{"rendered":"http:\/\/jornalhorizonte.com.br\/?p=560"},"modified":"2019-09-05T02:49:39","modified_gmt":"2019-09-05T02:49:39","slug":"flanelinhas-extorquem-e-ameacam-motoristas-em-plena-luz-do-dia","status":"publish","type":"post","link":"https:\/\/jornalhorizonte.com.br\/?p=560","title":{"rendered":"Flanelinhas extorquem e amea\u00e7am motoristas em plena luz do dia"},"content":{"rendered":"\n<p>A Pol\u00edcia Civil prendeu ontem seis pessoas acusadas de<br> extorquirem motoristas no bairro Buritis, na regi\u00e3o Oeste de Belo Horizonte. Outros tr\u00eas integrantes do bando seguem foragidos. Segundo as investiga\u00e7\u00f5es, os flanelinhas exigiam dinheiro sempre que algu\u00e9m estacionava pr\u00f3ximo a restaurantes e boates da avenida M\u00e1rio Werneck. Os valores pedidos por eles variavam entre R$ 20 e R$ 50, sendo que os criminosos amea\u00e7avam danificar os ve\u00edculos caso n\u00e3o recebessem o pagamento.Eles responder\u00e3o por extors\u00e3o, forma\u00e7\u00e3o de quadrilha e furto, isso porque, al\u00e9m de extorquirem os motoristas, eles ainda arrombavam os carros e furtavam o que tinha dentro dos ve\u00edculos em algumas ocasi\u00f5es. A a\u00e7\u00e3o era coordenada por Paulo Afonso, conhecido como Morceg\u00e3o, que espalhava os integrantes pelos quarteir\u00f5es. \u201cEle dividia o local para cada indiv\u00edduo, determinando em qual \u00e1rea ele atuaria, e ficava com 50% do total arrecadado\u201d,<br> explica o delegado encarregado das investiga\u00e7\u00f5es, Fl\u00e1vio Grossi. \u201cCaso a pessoa n\u00e3o pagasse o valor, eles n\u00e3o garantiam a seguran\u00e7a<br> do ve\u00edculo, e mesmo com o pagamento, se houvesse algo de interessante no carro, eles cometiam o arrombamento, furtando o material, ou at\u00e9 mesmo indicavam para terceiros quais ve\u00edculos deveriam ser arrombados\u201d, revela o delegado. Tr\u00eas dos seis envolvidos<br> j\u00e1 tinham sido presos pelo mesmo crime, inclusive na mesma regi\u00e3o. \u201cCom o desmantelamento da quadrilha, a regi\u00e3o ficar\u00e1 mais segura para os frequentadores de bares e casas noturnas.<br>E o mais importante: os infratores ser\u00e3o responsabilizados pelos crimes j\u00e1 cometidos\u201d, destacou o delegado. Ele ressalta ainda que \u00e9<br> importante fazer diferencia\u00e7\u00e3o entre flanelinhas e lavadores de carro licenciados pela prefeitura. M<\/p>\n","protected":false},"excerpt":{"rendered":"<p>A Pol\u00edcia Civil prendeu ontem seis pessoas acusadas de extorquirem motoristas no bairro Buritis, na regi\u00e3o Oeste de Belo Horizonte. Outros tr\u00eas integrantes do bando seguem foragidos. Segundo as investiga\u00e7\u00f5es, os flanelinhas exigiam dinheiro sempre que algu\u00e9m estacionava pr\u00f3ximo a restaurantes e boates da avenida M\u00e1rio Werneck. Os valores pedidos por eles variavam entre R$ [&hellip;]<\/p>\n","protected":false},"author":3,"featured_media":563,"comment_status":"open","ping_status":"open","sticky":false,"template":"","format":"standard","meta":{"footnotes":""},"categories":[1],"tags":[],"_links":{"self":[{"href":"https:\/\/jornalhorizonte.com.br\/index.php?rest_route=\/wp\/v2\/posts\/560"}],"collection":[{"href":"https:\/\/jornalhorizonte.com.br\/index.php?rest_route=\/wp\/v2\/posts"}],"about":[{"href":"https:\/\/jornalhorizonte.com.br\/index.php?rest_route=\/wp\/v2\/types\/post"}],"author":[{"embeddable":true,"href":"https:\/\/jornalhorizonte.com.br\/index.php?rest_route=\/wp\/v2\/users\/3"}],"replies":[{"embeddable":true,"href":"https:\/\/jornalhorizonte.com.br\/index.php?rest_route=%2Fwp%2Fv2%2Fcomments&post=560"}],"version-history":[{"count":0,"href":"https:\/\/jornalhorizonte.com.br\/index.php?rest_route=\/wp\/v2\/posts\/560\/revisions"}],"wp:featuredmedia":[{"embeddable":true,"href":"https:\/\/jornalhorizonte.com.br\/index.php?rest_route=\/wp\/v2\/media\/563"}],"wp:attachment":[{"href":"https:\/\/jornalhorizonte.com.br\/index.php?rest_route=%2Fwp%2Fv2%2Fmedia&parent=560"}],"wp:term":[{"taxonomy":"category","embeddable":true,"href":"https:\/\/jornalhorizonte.com.br\/index.php?rest_route=%2Fwp%2Fv2%2Fcategories&post=560"},{"taxonomy":"post_tag","embeddable":true,"href":"https:\/\/jornalhorizonte.com.br\/index.php?rest_route=%2Fwp%2Fv2%2Ftags&post=560"}],"curies":[{"name":"wp","href":"https:\/\/api.w.org\/{rel}","templated":true}]}}