{"id":529,"date":"2019-08-07T10:31:19","date_gmt":"2019-08-07T10:31:19","guid":{"rendered":"http:\/\/jornalhorizonte.com.br\/?p=529"},"modified":"2019-08-07T10:31:21","modified_gmt":"2019-08-07T10:31:21","slug":"como-a-jeep-tornou-se-o-maior-fenomeno-do-grupo-fiat","status":"publish","type":"post","link":"https:\/\/jornalhorizonte.com.br\/?p=529","title":{"rendered":"Como a Jeep tornou-se o maior fen\u00f4meno do grupo Fiat"},"content":{"rendered":"\n<p>Menos modelos populares como Argo, Palio ou Uno e mais&nbsp;<strong><a href=\"https:\/\/exame.abril.com.br\/noticias-sobre\/suv\/\">SUVs<\/a><\/strong>&nbsp;da&nbsp;<a href=\"https:\/\/exame.abril.com.br\/noticias-sobre\/jeep\/\"><strong>Jeep<\/strong><\/a>. Esse deve ser o cen\u00e1rio dos lan\u00e7amentos do grupo FCA, que desde 2014 une as montadoras&nbsp;<a href=\"https:\/\/exame.abril.com.br\/noticias-sobre\/fiat\/\"><strong>Fiat<\/strong><\/a>&nbsp;e Chrysler. As palavras s\u00e3o do presidente do grupo, Mike Manley, que ao anunciar os resultados do segundo trimestre na semana passada, afirmou que a fabricante de SUVs \u00e9 \u201ca chave para n\u00f3s em termos de lucratividade\u201d.<\/p>\n\n\n\n<p>Criada na d\u00e9cada de 1940 para servir ao ex\u00e9rcito dos Estados Unidos na Segunda Guerra Mundial, a Jeep j\u00e1 mudou de dono algumas vezes \u2014 da fabricante americana Willys Overland para a Chrysler em 1987 e, depois, para a FCA \u2013, mas segue ganhando os civis.<\/p>\n\n\n\n<p>Com 1,57 milh\u00e3o de unidades vendidas, os carros da Jeep respondem por um ter\u00e7o das vendas do grupo FCA. No segundo trimestre, foram os principais respons\u00e1veis por fazer a FCA apresentar bons resultados e conseguir desviar o foco da fracassada tentativa de fus\u00e3o com a Renault, barrada pelo governo franc\u00eas.<\/p>\n\n\n\n<p>O destaque foi a boa performance da Jeep na Am\u00e9rica do Norte, o que puxou a margem operacional na regi\u00e3o para 8,9%, ganhando quase um ponto percentual, ainda que com queda no volume de vendas (em 12%) e faturamento est\u00e1vel. O lucro operacional na Am\u00e9rica do Norte foi 1,57 bilh\u00e3o, mais do que em todas as outras regi\u00f5es combinadas.<\/p>\n\n\n\n<figure><iframe loading=\"lazy\" src=\"https:\/\/tpc.googlesyndication.com\/safeframe\/1-0-35\/html\/container.html\" width=\"300\" height=\"250\"><\/iframe><\/figure>\n\n\n\n<p>Assim, com modelos queridos pelo p\u00fablico e boa margem de lucro, a Jeep \u00e9 a aposta do grupo FCA para atingir a meta de aumentar sua margem operacional dos atuais 5% para mais de 9% nos pr\u00f3ximos quatro anos.<\/p>\n\n\n\n<p>\u201cA marca Jeep se consolidou com a ideia de que um utilit\u00e1rio esportivo n\u00e3o precisava ser rudimentar, gastar 1 milh\u00e3o de litros de combust\u00edvel\u201d, diz Vitor Klizas, presidente para Am\u00e9rica do Sul da consultoria Jato Dynamics. \u201cO Jeep une as caracter\u00edsticas de ter robustez, ser confort\u00e1vel e tecnol\u00f3gico, mas tudo sem extremos, com um pacote equilibrado.\u201d<\/p>\n\n\n\n<h3 class=\"wp-block-heading\">Dos EUA para o mundo<\/h3>\n\n\n\n<p>Nesse cen\u00e1rio, a Jeep deve cada vez mais roubar o protagonismo dos modelos de Fiat e Chrysler, marcas-m\u00e3e da FCA e que ser\u00e3o cada vez menos parte do portf\u00f3lio e dos novos lan\u00e7amentos.<\/p>\n\n\n\n<p>Em evento na It\u00e1lia no ano passado para anunciar os planos da temporada 2018-2022,&nbsp;<a href=\"https:\/\/exame.abril.com.br\/revista-exame\/a-chrysler-e-uma-missao-pessoal\/\">o ent\u00e3o presidente do grupo FCA, Sergio Marchionne<\/a>&nbsp;(que faleceu em julho do ano&nbsp; passado), afirmou que os lan\u00e7amentos dos pr\u00f3ximos anos ser\u00e3o focados na Jeep e nas marcas Ram, Alfa Romeo e Maserati. Das marcas do grupo FCA, essas quatro representam 65% do faturamento, e a ideia \u00e9 que cheguem a 80% em 2022.<\/p>\n\n\n\n<p>Marchionne foi um dos respons\u00e1veis por transformar a Jeep, at\u00e9 ent\u00e3o uma marca majoritariamente americana, em um produto de desejo global. Embora mercados como \u00c1sia e Europa ainda sejam pequenos para a Jeep perto dos Estados Unidos, as vendas da marca mais que triplicaram na \u00faltima d\u00e9cada.<\/p>\n\n\n\n<p>Manley, o atual presidente e que at\u00e9 ent\u00e3o era respons\u00e1vel pela Jeep, assumiu pouco mais de um m\u00eas depois daquele evento na It\u00e1lia. Mas os planos parecem seguir na mesma linha do antecessor, com o crescimento da Jeep nos Estados Unidos e no resto do mundo sendo uma das principais metas.<\/p>\n\n\n\n<p>A ideia da fus\u00e3o com a Renault buscava, sobretudo, tornar a nova empresa forte o suficiente para investir em tecnologia \u2014 setor no qual o mercado considera que tanto a FCA quanto a Renault-Nissan est\u00e3o defasadas.&nbsp;Com a Jeep na dianteira, Manley deve, agora, correr atr\u00e1s do preju\u00edzo sozinho. Uma das principais novidades \u00e9 que boa parte da frota da FCA deve ganhar vers\u00f5es h\u00edbridas at\u00e9 2022, isto \u00e9, com motores tanto el\u00e9tricos quanto de combust\u00e3o.<\/p>\n\n\n\n<figure class=\"wp-block-image\"><img decoding=\"async\" src=\"https:\/\/abrilexame.files.wordpress.com\/2019\/08\/compass-e1565127959581.jpg?quality=70&amp;strip=info&amp;w=1024&amp;h=682\" alt=\"\" class=\"wp-image-3551087\"\/><\/figure>\n\n\n\n<p>&nbsp;Jeep Compass: SUVs da Jeep, do grupo FCA, s\u00e3o l\u00edderes no Brasil<\/p>\n\n\n\n<p>Jeep Compass: SUVs da Jeep, do grupo FCA, s\u00e3o l\u00edderes no Brasil&nbsp;(Jeep\/Divulga\u00e7\u00e3o)<\/p>\n\n\n\n<h3 class=\"wp-block-heading\">Presen\u00e7a no Brasil<\/h3>\n\n\n\n<p>O Brasil tamb\u00e9m vem sendo um dos destaques nas vendas da Jeep e do grupo FCA nos \u00faltimos anos, salvando o fraco desempenho do resto da Am\u00e9rica do Sul. Embora o mercado brasileiro seja um dos \u00faltimos onde carros da marca Fiat ainda resistem, a Jeep mostra que a empresa ainda ter\u00e1 muito futuro por aqui.<\/p>\n\n\n\n<p>No Brasil, os carros da Jeep come\u00e7aram a ser fabricados na d\u00e9cada de 1950, e hoje lideram a venda de SUVs, ainda que com carros mais caros do que a maior parte da concorr\u00eancia. Dentre os mais de 40 modelos ofertados no mercado brasileiro, a marca do grupo FCA det\u00e9m, atualmente, 22% de participa\u00e7\u00e3o com o Jeep Renegade e o Jeep Compass.<\/p>\n\n\n\n<p>No ano passado, foram mais de 106.900 unidades vendidas do Renegade e do Compass, com volumes inexpressivos dos importados Wrangler e Grand Cherokee. \u201cNo Brasil, temos o maior market share da Jeep no mundo\u201d,&nbsp;<a href=\"https:\/\/exame.abril.com.br\/negocios\/jeep-renegade-e-compass-consolidam-lideranca-do-mercado-de-suvs-no-brasil\/\">disse em julho a EXAME o gerente de marketing de produto da Jeep para Am\u00e9rica Latina, Alexandre Aquino.<\/a>Veja tamb\u00e9m<\/p>\n\n\n\n<p>A concorr\u00eancia chegou tarde, mas chegou, e pode atrapalhar a Jeep em mercados como Brasil e Estados Unidos. \u201cO mercado para esses ve\u00edculos se abriu e agora todo mundo quer lan\u00e7ar SUVs\u201d, disse o analista Philippe Houchois, da Jefferies LLC, ao jornal&nbsp;<em>The Wall Street Journal.&nbsp;<\/em><\/p>\n\n\n\n<p>No Brasil, os utilit\u00e1rios esportivos j\u00e1 t\u00eam 25% do mercado, e concorrentes como Honda-HRV, Nissan Kicks, Hyundai Creta e o rec\u00e9m-lan\u00e7ado Volkswagen T-Cross podem amea\u00e7ar o dom\u00ednio da Jeep.<\/p>\n\n\n\n<p>O ano de 2015 foi um dos principais marcos da Jeep no Brasil, e contou com lan\u00e7amento do Jeep Renegade, no segmento de SUVs compactos, somado \u00e0 constru\u00e7\u00e3o de uma f\u00e1brica em Goiana, em Pernambuco, para a produ\u00e7\u00e3o de seus ve\u00edculos. Agora, o&nbsp;Polo Automotivo de Goiana, de onde saem atualmente Renegade, Compass e Toro, vai receber 7,5 bilh\u00f5es de reais at\u00e9 2024, segundo informou Antonio Filosa, COO para Am\u00e9rica Latina, em evento em maio.<\/p>\n\n\n\n<p>O investimento faz parte de um pacote de 16 bilh\u00f5es de reais previstos para a expans\u00e3o das atividades no Brasil, incluindo tamb\u00e9m a f\u00e1brica de Betim (MG). Entre os novos produtos, que totalizar\u00e3o 15 (da Jeep e de outras marcas), est\u00e3o atualiza\u00e7\u00f5es do Toro e do Compass, um in\u00e9dito SUV da Fiat (o Fastback) e uma vers\u00e3o de sete lugares do Compass. At\u00e9 agora, nenhum deles um carro popular.<\/p>\n","protected":false},"excerpt":{"rendered":"<p>Menos modelos populares como Argo, Palio ou Uno e mais&nbsp;SUVs&nbsp;da&nbsp;Jeep. Esse deve ser o cen\u00e1rio dos lan\u00e7amentos do grupo FCA, que desde 2014 une as montadoras&nbsp;Fiat&nbsp;e Chrysler. As palavras s\u00e3o do presidente do grupo, Mike Manley, que ao anunciar os resultados do segundo trimestre na semana passada, afirmou que a fabricante de SUVs \u00e9 \u201ca [&hellip;]<\/p>\n","protected":false},"author":3,"featured_media":530,"comment_status":"open","ping_status":"open","sticky":false,"template":"","format":"standard","meta":{"footnotes":""},"categories":[1],"tags":[],"_links":{"self":[{"href":"https:\/\/jornalhorizonte.com.br\/index.php?rest_route=\/wp\/v2\/posts\/529"}],"collection":[{"href":"https:\/\/jornalhorizonte.com.br\/index.php?rest_route=\/wp\/v2\/posts"}],"about":[{"href":"https:\/\/jornalhorizonte.com.br\/index.php?rest_route=\/wp\/v2\/types\/post"}],"author":[{"embeddable":true,"href":"https:\/\/jornalhorizonte.com.br\/index.php?rest_route=\/wp\/v2\/users\/3"}],"replies":[{"embeddable":true,"href":"https:\/\/jornalhorizonte.com.br\/index.php?rest_route=%2Fwp%2Fv2%2Fcomments&post=529"}],"version-history":[{"count":0,"href":"https:\/\/jornalhorizonte.com.br\/index.php?rest_route=\/wp\/v2\/posts\/529\/revisions"}],"wp:featuredmedia":[{"embeddable":true,"href":"https:\/\/jornalhorizonte.com.br\/index.php?rest_route=\/wp\/v2\/media\/530"}],"wp:attachment":[{"href":"https:\/\/jornalhorizonte.com.br\/index.php?rest_route=%2Fwp%2Fv2%2Fmedia&parent=529"}],"wp:term":[{"taxonomy":"category","embeddable":true,"href":"https:\/\/jornalhorizonte.com.br\/index.php?rest_route=%2Fwp%2Fv2%2Fcategories&post=529"},{"taxonomy":"post_tag","embeddable":true,"href":"https:\/\/jornalhorizonte.com.br\/index.php?rest_route=%2Fwp%2Fv2%2Ftags&post=529"}],"curies":[{"name":"wp","href":"https:\/\/api.w.org\/{rel}","templated":true}]}}