{"id":526,"date":"2019-08-07T10:28:15","date_gmt":"2019-08-07T10:28:15","guid":{"rendered":"http:\/\/jornalhorizonte.com.br\/?p=526"},"modified":"2019-08-07T10:28:17","modified_gmt":"2019-08-07T10:28:17","slug":"startup-oferece-delivery-de-limpeza-e-manutencao-de-carros-em-bh","status":"publish","type":"post","link":"https:\/\/jornalhorizonte.com.br\/?p=526","title":{"rendered":"Startup oferece delivery de limpeza e manuten\u00e7\u00e3o de carros em BH"},"content":{"rendered":"\n<p>Na era dos aplicativos que facilitam a vida dos consumidores,\u00a0<strong>os belo-horizontinos agora t\u00eam mais uma possibilidade de delivery: o servi\u00e7o de est\u00e9tica e manuten\u00e7\u00e3o automotiva.<\/strong>Isso gra\u00e7as \u00e0\u00a0<strong>WiCar<\/strong>, startup mineira que est\u00e1 h\u00e1 pouco mais de um ano no mercado e conecta profissionais especializados em uma s\u00e9rie de servi\u00e7os ao propriet\u00e1rio do ve\u00edculo, seja na resid\u00eancia, no trabalho ou em um ponto parceiro.<\/p>\n\n\n\n<figure><iframe loading=\"lazy\" src=\"https:\/\/tpc.googlesyndication.com\/safeframe\/1-0-35\/html\/container.html\" width=\"336\" height=\"280\"><\/iframe><\/figure>\n\n\n\n<p>BH j\u00e1 possui mais 60 pontos de atendimento e os agendamentos podem ser feitos pelo aplicativo, dispon\u00edvel para&nbsp;<a rel=\"noreferrer noopener\" href=\"https:\/\/apple.co\/333YH9c\" target=\"_blank\"><strong>iOS<\/strong><\/a>&nbsp;ou&nbsp;<a rel=\"noreferrer noopener\" href=\"http:\/\/bit.ly\/2OqnXCZ\" target=\"_blank\"><strong>Android<\/strong><\/a><strong>,<\/strong>&nbsp;ou pelo site (<a rel=\"noreferrer noopener\" href=\"http:\/\/bit.ly\/30XrWsi\" target=\"_blank\"><strong>wicarbrasil.com.br<\/strong><\/a>). N\u00e3o somente pr\u00e1ticos e seguros, com agendamento f\u00e1cil e pagamento feito no pr\u00f3prio aplicativo, os servi\u00e7os da Wicar t\u00eam pre\u00e7os atrativos.&nbsp;<strong>A lavagem ecol\u00f3gica, por exemplo, custa a partir de R$30.<\/strong><\/p>\n\n\n\n<p><strong>Al\u00e9m de tudo isso, o projeto conseguiu adotar um modelo sustent\u00e1vel.<\/strong>&nbsp;A lavagem ecol\u00f3gica oferecida pela empresa utiliza apenas 350mL de \u00e1gua para cada carro, volume bem abaixo do comum. Com estas iniciativas, a Wicar n\u00e3o para de crescer: no \u00faltimo m\u00eas, ela fechou parceria com o Extra do bairro Belvedere, localizado na regi\u00e3o centro-sul da capital mineira, e a expectativa \u00e9 atender mais de 40 carros diariamente e economizar 16.000 litros de \u00e1gua por dia.<\/p>\n\n\n\n<figure><iframe src=\"https:\/\/www.youtube.com\/embed\/YPKNBbkVOBI?feature=oembed&amp;wmode=transparent\" allowfullscreen=\"\"><\/iframe><\/figure>\n\n\n\n<p>As idealizadoras Andressa Molinari e Magali Alvarenga esperam, no pr\u00f3ximo ano, expandir o neg\u00f3cio para os estados de S\u00e3o Paulo, Goi\u00e1s, Rio de Janeiro e Pernambuco, al\u00e9m de aumentar em 30% a capacidade de atendimento em Belo Horizonte. \u201cSe temos como nossos pilares a satisfa\u00e7\u00e3o do cliente e a melhoria constante do nosso trabalho, o crescimento da Wicar \u00e9 uma aposta que fa\u00e7o sem medo. J\u00e1 estamos colhendo \u00f3timos resultados em BH e agora \u00e9 concentrar nossos esfor\u00e7os na expans\u00e3o, sem deixar de lado a qualidade do servi\u00e7o\u201d, afirmam.<\/p>\n\n\n\n<p>De acordo com Magali, a ideia do delivery \u00e9 uma realidade sem volta entre as empresas prestadoras de servi\u00e7os, pois propicia ao cliente solu\u00e7\u00f5es pr\u00e1ticas, inovadoras e que representam economia ao final do atendimento. \u201cAs companhias devem evoluir conforme os costumes da sociedade. Ent\u00e3o, assim como j\u00e1 existem in\u00fameras possibilidades de delivery na palma da m\u00e3o, na Wicar n\u00e3o poderia ser diferente. Afinal de contas, diante de uma rotina atribulada de tarefas, o consumidor quer contratar os servi\u00e7os pelo celular, conforme sua disponibilidade de hor\u00e1rio e, \u00e9 claro, deseja que o prestador v\u00e1 at\u00e9 onde ele estiver\u201d, destaca.<\/p>\n\n\n\n<figure class=\"wp-block-image\"><img decoding=\"async\" src=\"https:\/\/bhaz.com.br\/wp-content\/uploads\/2019\/07\/170804_vbragaglia_41.MOV.Still002-1024x576.jpg\" alt=\"\" class=\"wp-image-488330\"\/><figcaption>Divulga\u00e7\u00e3o\/Wicar<\/figcaption><\/figure>\n\n\n\n<h2 class=\"wp-block-heading\">Variedade de servi\u00e7os<\/h2>\n\n\n\n<p>Andressa explica que al\u00e9m da lavagem a seco, o propriet\u00e1rio do ve\u00edculo pode solicitar servi\u00e7os de lavagem t\u00e9cnica de motor, higieniza\u00e7\u00e3o de estofados, higieniza\u00e7\u00e3o de ar condicionado, hidrata\u00e7\u00e3o de bancos de couro, polimento, cristaliza\u00e7\u00e3o, limpeza de estofados, impermeabiliza\u00e7\u00e3o de bancos, entre outros. Em pouco tempo, esse profissional especializado e selecionado a partir de crit\u00e9rios r\u00edgidos vai \u00e0 garagem de casa, do escrit\u00f3rio, ou onde o cliente quiser para executar os servi\u00e7os. \u201cNossos clientes n\u00e3o precisam se preocupar com nada, j\u00e1 que a execu\u00e7\u00e3o do trabalho \u00e9 acompanhada remotamente, por um gerente de conta, para transformar a presta\u00e7\u00e3o do servi\u00e7o na melhor experi\u00eancia poss\u00edvel\u201d, diz a fundadora e CMO da Wicar.<\/p>\n\n\n\n<h2 class=\"wp-block-heading\"><strong>Startup acelerada pelo Seed<\/strong><br><\/h2>\n\n\n\n<p>A Wicar foi acelerada pelo SEED \u2013 Startups and Entrepreneurship Ecosystem Development, agente respons\u00e1vel pelo fomento do ecossistema de empreendedorismo e inova\u00e7\u00e3o. Coordenado pela Secretaria de Desenvolvimento Econ\u00f4mico, Ci\u00eancia, Tecnologia e Ensino Superior \u2013 SEDECTES, o SEED \u00e9 parte do Minas Digital, uma s\u00e9rie de iniciativas governamentais, parcerias e rede de networking que busca impulsionar o desenvolvimento de neg\u00f3cios inovadores e fortalecer a cultura empreendedora no Estado.<\/p>\n\n\n\n<p>Magali explica que a Wicar participou do programa por seis meses de atividades intensas, que inclu\u00edram mentorias personalizadas, eventos e difus\u00e3o, trabalho no escrit\u00f3rio compartilhado, entre outras, que contribu\u00edram para fortalecer as caracter\u00edsticas empreendedoras da marca. \u201cNo per\u00edodo, fomos selecionadas junto com mais 39 startups. \u00c9 gratificante saber que conseguimos participar do projeto do Seed, \u00fanica iniciativa deste tipo mantida com recursos p\u00fablicos no pa\u00eds. Todos os selecionados trabalharam duro para potencializar a intera\u00e7\u00e3o, as redes e a transfer\u00eancia de conhecimento e habilidades, apoiados pelo ecossistema empreendedor local, nacional e mundial. Desde ent\u00e3o, a Wicar se motiva diariamente para impulsionar o neg\u00f3cio, baseada na l\u00f3gica da Startup e seus benef\u00edcios para o p\u00fablico\u2019\u2019, finaliza.<\/p>\n\n\n\n<p>Acompanhe a Wicar no&nbsp;<strong><a rel=\"noreferrer noopener\" href=\"http:\/\/bit.ly\/2MqyZWs\" target=\"_blank\">Facebook (fb.com\/wicarbrasil)<\/a><\/strong>&nbsp;e no&nbsp;<a rel=\"noreferrer noopener\" href=\"http:\/\/bit.ly\/2OtR3le\" target=\"_blank\"><strong>Instagram (@wicarbrasil)<\/strong><\/a>.<\/p>\n\n\n\n<p>Empresa desenvolvida por:&nbsp;<a rel=\"noreferrer noopener\" href=\"http:\/\/bit.ly\/315vp84\" target=\"_blank\"><strong>ATA HUB<\/strong><\/a><\/p>\n","protected":false},"excerpt":{"rendered":"<p>Na era dos aplicativos que facilitam a vida dos consumidores,\u00a0os belo-horizontinos agora t\u00eam mais uma possibilidade de delivery: o servi\u00e7o de est\u00e9tica e manuten\u00e7\u00e3o automotiva.Isso gra\u00e7as \u00e0\u00a0WiCar, startup mineira que est\u00e1 h\u00e1 pouco mais de um ano no mercado e conecta profissionais especializados em uma s\u00e9rie de servi\u00e7os ao propriet\u00e1rio do ve\u00edculo, seja na resid\u00eancia, [&hellip;]<\/p>\n","protected":false},"author":3,"featured_media":527,"comment_status":"open","ping_status":"open","sticky":false,"template":"","format":"standard","meta":{"footnotes":""},"categories":[2,1],"tags":[],"_links":{"self":[{"href":"https:\/\/jornalhorizonte.com.br\/index.php?rest_route=\/wp\/v2\/posts\/526"}],"collection":[{"href":"https:\/\/jornalhorizonte.com.br\/index.php?rest_route=\/wp\/v2\/posts"}],"about":[{"href":"https:\/\/jornalhorizonte.com.br\/index.php?rest_route=\/wp\/v2\/types\/post"}],"author":[{"embeddable":true,"href":"https:\/\/jornalhorizonte.com.br\/index.php?rest_route=\/wp\/v2\/users\/3"}],"replies":[{"embeddable":true,"href":"https:\/\/jornalhorizonte.com.br\/index.php?rest_route=%2Fwp%2Fv2%2Fcomments&post=526"}],"version-history":[{"count":0,"href":"https:\/\/jornalhorizonte.com.br\/index.php?rest_route=\/wp\/v2\/posts\/526\/revisions"}],"wp:featuredmedia":[{"embeddable":true,"href":"https:\/\/jornalhorizonte.com.br\/index.php?rest_route=\/wp\/v2\/media\/527"}],"wp:attachment":[{"href":"https:\/\/jornalhorizonte.com.br\/index.php?rest_route=%2Fwp%2Fv2%2Fmedia&parent=526"}],"wp:term":[{"taxonomy":"category","embeddable":true,"href":"https:\/\/jornalhorizonte.com.br\/index.php?rest_route=%2Fwp%2Fv2%2Fcategories&post=526"},{"taxonomy":"post_tag","embeddable":true,"href":"https:\/\/jornalhorizonte.com.br\/index.php?rest_route=%2Fwp%2Fv2%2Ftags&post=526"}],"curies":[{"name":"wp","href":"https:\/\/api.w.org\/{rel}","templated":true}]}}