{"id":511,"date":"2019-08-06T21:01:32","date_gmt":"2019-08-06T21:01:32","guid":{"rendered":"http:\/\/jornalhorizonte.com.br\/?p=511"},"modified":"2019-08-06T21:01:34","modified_gmt":"2019-08-06T21:01:34","slug":"nokia-6-2-e-7-2-sao-certificados-e-tem-lancamento-previsto-para-agosto","status":"publish","type":"post","link":"https:\/\/jornalhorizonte.com.br\/?p=511","title":{"rendered":"Nokia 6.2 e 7.2 s\u00e3o certificados e tem lan\u00e7amento previsto para agosto"},"content":{"rendered":"\n<p>Conforme j\u00e1 era esperado, os novos smartphones da Nokia &#8211; 6.2 e 7.2 &#8211; ser\u00e3o lan\u00e7ados ainda este m\u00eas. Os vazamentos ocorridos em julho mostravam que os aparelhos j\u00e1 estavam homologados na R\u00fassia, e agora a certifica\u00e7\u00e3o chegou, tamb\u00e9m, na Indon\u00e9sia.<\/p>\n\n\n\n<p>Uma screenshot da lista de regulamenta\u00e7\u00e3o da Indon\u00e9sia aponta que a numera\u00e7\u00e3o do aparelho ser\u00e1 TA-1192. Ainda n\u00e3o se sabe se esse n\u00famero se refere ao Nokia 6.2 ou 7.2, mas os rumores indicam que ambos ser\u00e3o lan\u00e7ados simultaneamente e, dado ao avan\u00e7o das informa\u00e7\u00f5es, est\u00e3o em tempo h\u00e1bil de aparecerem no mercado ainda este m\u00eas.(Fonte: NokiaPowerUser\/Reprodu\u00e7\u00e3o)<\/p>\n\n\n\n<p>Ao que tudo indica, a rapidez do processo de desenvolvimento e lan\u00e7amento dos novos modelos surgiu para acompanhar as tend\u00eancias de lan\u00e7amentos das marcas concorrentes.<\/p>\n\n\n\n<p>Os rumores sa\u00eddos em junho tamb\u00e9m indicam que o Nokia 6.2 e 7.2 (que s\u00e3o internamente conhecidos como \u201c<em>Daredevil<\/em>\u201d e \u201c<em>Star-Lord<\/em>\u201d, respectivamente), dever\u00e3o compartilhar as mesmas dimens\u00f5es f\u00edsicas, design e cases oficiais, al\u00e9m da c\u00e2mera tripla de 48 MP, acopladas em um bonito detalhe circular na parte traseira. A grande diferen\u00e7a entre os modelos ficaria com o processador, que seria mais poderoso na vers\u00e3o 7.2, al\u00e9m de uma pequena diferen\u00e7a na resolu\u00e7\u00e3o de tela (de 6,2\u2019\u2019 no modelo mais simples para 6,18\u2019\u2019 no mais avan\u00e7ado).<\/p>\n\n\n\n<figure class=\"wp-block-image\"><img decoding=\"async\" src=\"https:\/\/p0.ipstatp.com\/large\/pgc-image-va\/RYMlWHT52lSQbW\" alt=\"\"\/><figcaption>(Fonte: NokiaPowerUser\/Reprodu\u00e7\u00e3o)<\/figcaption><\/figure>\n\n\n\n<p>Por enquanto a Nokia n\u00e3o se posicionou oficialmente a respeito do lan\u00e7amento desses dois aparelhos no mercado, e a empresa segue sem opera\u00e7\u00f5es no Brasil, desde seu retorno \u00e0 ind\u00fastria, que ocorreu em 2017. Os aparelhos da marca s\u00e3o produzidos pela desenvolvedora finlandesa HMD Global.<\/p>\n","protected":false},"excerpt":{"rendered":"<p>Conforme j\u00e1 era esperado, os novos smartphones da Nokia &#8211; 6.2 e 7.2 &#8211; ser\u00e3o lan\u00e7ados ainda este m\u00eas. Os vazamentos ocorridos em julho mostravam que os aparelhos j\u00e1 estavam homologados na R\u00fassia, e agora a certifica\u00e7\u00e3o chegou, tamb\u00e9m, na Indon\u00e9sia. Uma screenshot da lista de regulamenta\u00e7\u00e3o da Indon\u00e9sia aponta que a numera\u00e7\u00e3o do aparelho [&hellip;]<\/p>\n","protected":false},"author":3,"featured_media":512,"comment_status":"open","ping_status":"open","sticky":false,"template":"","format":"standard","meta":{"footnotes":""},"categories":[1],"tags":[],"_links":{"self":[{"href":"https:\/\/jornalhorizonte.com.br\/index.php?rest_route=\/wp\/v2\/posts\/511"}],"collection":[{"href":"https:\/\/jornalhorizonte.com.br\/index.php?rest_route=\/wp\/v2\/posts"}],"about":[{"href":"https:\/\/jornalhorizonte.com.br\/index.php?rest_route=\/wp\/v2\/types\/post"}],"author":[{"embeddable":true,"href":"https:\/\/jornalhorizonte.com.br\/index.php?rest_route=\/wp\/v2\/users\/3"}],"replies":[{"embeddable":true,"href":"https:\/\/jornalhorizonte.com.br\/index.php?rest_route=%2Fwp%2Fv2%2Fcomments&post=511"}],"version-history":[{"count":0,"href":"https:\/\/jornalhorizonte.com.br\/index.php?rest_route=\/wp\/v2\/posts\/511\/revisions"}],"wp:featuredmedia":[{"embeddable":true,"href":"https:\/\/jornalhorizonte.com.br\/index.php?rest_route=\/wp\/v2\/media\/512"}],"wp:attachment":[{"href":"https:\/\/jornalhorizonte.com.br\/index.php?rest_route=%2Fwp%2Fv2%2Fmedia&parent=511"}],"wp:term":[{"taxonomy":"category","embeddable":true,"href":"https:\/\/jornalhorizonte.com.br\/index.php?rest_route=%2Fwp%2Fv2%2Fcategories&post=511"},{"taxonomy":"post_tag","embeddable":true,"href":"https:\/\/jornalhorizonte.com.br\/index.php?rest_route=%2Fwp%2Fv2%2Ftags&post=511"}],"curies":[{"name":"wp","href":"https:\/\/api.w.org\/{rel}","templated":true}]}}