{"id":495,"date":"2019-08-06T18:56:28","date_gmt":"2019-08-06T18:56:28","guid":{"rendered":"http:\/\/jornalhorizonte.com.br\/?p=495"},"modified":"2019-08-06T20:56:29","modified_gmt":"2019-08-06T20:56:29","slug":"policlinica-municipal-de-sao-jose-da-lapa-atende-25-mil-usuarios-por-mes","status":"publish","type":"post","link":"https:\/\/jornalhorizonte.com.br\/?p=495","title":{"rendered":"Policl\u00ednica Municipal de S\u00e3o Jos\u00e9 da Lapa atende 2 mil usu\u00e1rios por m\u00eas"},"content":{"rendered":"\n<p>A Policl\u00ednica Municipal de S\u00e3o Jos\u00e9 da Lapa possui mais de 12 mil usu\u00e1rios cadastrados e, desses, aproximadamente 2 mil s\u00e3o atendidos mensalmente. O servi\u00e7o conta com profissionais de diversas especialidades para prestar assist\u00eancia integral em sa\u00fade \u00e0 popula\u00e7\u00e3o da cidade.<\/p>\n\n\n\n<p>De acordo com a Coordenadora da policl\u00ednica, Bruna Goulart, a unidade \u00e9 uma das duas policl\u00ednicas municipais e \u00e9 especializada em atender diversas especialidades. \u201c Em S\u00e3o Jos\u00e9 da Lapa \u00e9 a \u00fanica que oferece um servi\u00e7o totalmente voltado para a popula\u00e7\u00e3o\u201d, afirmou.<\/p>\n\n\n\n<p>Na unidade s\u00e3o oferecidos atendimentos ambulatoriais nas especialidades m\u00e9dicas: Ortopedia, Endocrinologia, Dermatologia, Otorrinolaringologia, Reumatologia, Cardiologia, Psiquiatria, Tratamento psicol\u00f3gico, Odontologia, Fisioterapia, Fonoaudiologia, Farm\u00e1cia, Oftalmologia e Angiologista. Al\u00e9m dos servi\u00e7os de urg\u00eancia e emerg\u00eancia.<\/p>\n\n\n\n<p>Al\u00e9m dos atendimentos em outras \u00e1reas de sa\u00fade como enfermagem, odontologia, fisioterapia, fonoaudiologia e assist\u00eancia farmac\u00eautica. \u00a0S\u00e3o disponibilizados, tamb\u00e9m, grupos operativos que estimulam e incentivam os participantes \u00e0 conviv\u00eancia e recrea\u00e7\u00e3o coletiva.<\/p>\n\n\n\n<p>\u201cTer um servi\u00e7o que atende exclusivamente \u00e0 popula\u00e7\u00e3o \u00e9 uma forma de valoriza\u00e7\u00e3o, cuidado e respeito, oferecendo a aten\u00e7\u00e3o adequada, n\u00e3o apenas com atendimento m\u00e9dico, mas tamb\u00e9m com atividades de conviv\u00eancia e recrea\u00e7\u00e3o\u201d, comentou Bruna, coordenadora da Policl\u00ednica.<\/p>\n\n\n\n<p>Uma das usu\u00e1rias da policl\u00ednica \u00e9 a aposentada Maria Francisca, de 71 anos. Ela j\u00e1 conhece o servi\u00e7o h\u00e1 alguns anos e destaca a praticidade em ter v\u00e1rias especialidades concentrada num \u00fanico espa\u00e7o. \u201cEu gosto muito daqui, porque al\u00e9m dos atendimentos com os especialistas, eles nos tratam como humanos\u201d, disse.<\/p>\n\n\n\n<p><strong>Servi\u00e7o \u2013<\/strong>\u00a0Para ter acesso aos servi\u00e7os ambulatoriais e emergenciais, o usu\u00e1rio deve procurar a Policl\u00ednica, para que seja feito o devido cadastro. <\/p>\n\n\n\n<p>A unidade \u00e9 localizada na rua: Coronel Virg\u00edlio Machado, Centro, S\u00e3o Jos\u00e9 da lapa. O hor\u00e1rio de atendimento \u00e9 24hrs de segunda a segunda. O telefone \u00e9 (31) 3623-1150.<\/p>\n\n\n\n<ul class=\"wp-block-gallery columns-3 is-cropped wp-block-gallery-1 is-layout-flex wp-block-gallery-is-layout-flex\"><li class=\"blocks-gallery-item\"><figure><img loading=\"lazy\" decoding=\"async\" width=\"1024\" height=\"768\" src=\"https:\/\/jornalhorizonte.com.br\/wp-content\/uploads\/2019\/08\/WhatsApp-Image-2019-08-06-at-15.33.56-1-1024x768.jpeg\" alt=\"\" data-id=\"498\" data-link=\"https:\/\/jornalhorizonte.com.br\/?attachment_id=498\" class=\"wp-image-498\" srcset=\"https:\/\/jornalhorizonte.com.br\/wp-content\/uploads\/2019\/08\/WhatsApp-Image-2019-08-06-at-15.33.56-1-1024x768.jpeg 1024w, https:\/\/jornalhorizonte.com.br\/wp-content\/uploads\/2019\/08\/WhatsApp-Image-2019-08-06-at-15.33.56-1-300x225.jpeg 300w, https:\/\/jornalhorizonte.com.br\/wp-content\/uploads\/2019\/08\/WhatsApp-Image-2019-08-06-at-15.33.56-1-768x576.jpeg 768w, https:\/\/jornalhorizonte.com.br\/wp-content\/uploads\/2019\/08\/WhatsApp-Image-2019-08-06-at-15.33.56-1-80x60.jpeg 80w, https:\/\/jornalhorizonte.com.br\/wp-content\/uploads\/2019\/08\/WhatsApp-Image-2019-08-06-at-15.33.56-1-265x198.jpeg 265w, https:\/\/jornalhorizonte.com.br\/wp-content\/uploads\/2019\/08\/WhatsApp-Image-2019-08-06-at-15.33.56-1-696x522.jpeg 696w, https:\/\/jornalhorizonte.com.br\/wp-content\/uploads\/2019\/08\/WhatsApp-Image-2019-08-06-at-15.33.56-1-1068x801.jpeg 1068w, https:\/\/jornalhorizonte.com.br\/wp-content\/uploads\/2019\/08\/WhatsApp-Image-2019-08-06-at-15.33.56-1-560x420.jpeg 560w, https:\/\/jornalhorizonte.com.br\/wp-content\/uploads\/2019\/08\/WhatsApp-Image-2019-08-06-at-15.33.56-1.jpeg 1280w\" sizes=\"(max-width: 1024px) 100vw, 1024px\" \/><\/figure><\/li><li class=\"blocks-gallery-item\"><figure><img loading=\"lazy\" decoding=\"async\" width=\"1024\" height=\"768\" src=\"https:\/\/jornalhorizonte.com.br\/wp-content\/uploads\/2019\/08\/WhatsApp-Image-2019-08-06-at-15.33.57-1-1024x768.jpeg\" alt=\"\" data-id=\"499\" data-link=\"https:\/\/jornalhorizonte.com.br\/?attachment_id=499\" class=\"wp-image-499\" srcset=\"https:\/\/jornalhorizonte.com.br\/wp-content\/uploads\/2019\/08\/WhatsApp-Image-2019-08-06-at-15.33.57-1-1024x768.jpeg 1024w, https:\/\/jornalhorizonte.com.br\/wp-content\/uploads\/2019\/08\/WhatsApp-Image-2019-08-06-at-15.33.57-1-300x225.jpeg 300w, https:\/\/jornalhorizonte.com.br\/wp-content\/uploads\/2019\/08\/WhatsApp-Image-2019-08-06-at-15.33.57-1-768x576.jpeg 768w, https:\/\/jornalhorizonte.com.br\/wp-content\/uploads\/2019\/08\/WhatsApp-Image-2019-08-06-at-15.33.57-1-80x60.jpeg 80w, https:\/\/jornalhorizonte.com.br\/wp-content\/uploads\/2019\/08\/WhatsApp-Image-2019-08-06-at-15.33.57-1-265x198.jpeg 265w, https:\/\/jornalhorizonte.com.br\/wp-content\/uploads\/2019\/08\/WhatsApp-Image-2019-08-06-at-15.33.57-1-696x522.jpeg 696w, https:\/\/jornalhorizonte.com.br\/wp-content\/uploads\/2019\/08\/WhatsApp-Image-2019-08-06-at-15.33.57-1-1068x801.jpeg 1068w, https:\/\/jornalhorizonte.com.br\/wp-content\/uploads\/2019\/08\/WhatsApp-Image-2019-08-06-at-15.33.57-1-560x420.jpeg 560w, https:\/\/jornalhorizonte.com.br\/wp-content\/uploads\/2019\/08\/WhatsApp-Image-2019-08-06-at-15.33.57-1.jpeg 1280w\" sizes=\"(max-width: 1024px) 100vw, 1024px\" \/><\/figure><\/li><li class=\"blocks-gallery-item\"><figure><img loading=\"lazy\" decoding=\"async\" width=\"1024\" height=\"768\" src=\"https:\/\/jornalhorizonte.com.br\/wp-content\/uploads\/2019\/08\/WhatsApp-Image-2019-08-06-at-15.33.57-2-1024x768.jpeg\" alt=\"\" data-id=\"500\" data-link=\"https:\/\/jornalhorizonte.com.br\/?attachment_id=500\" class=\"wp-image-500\" srcset=\"https:\/\/jornalhorizonte.com.br\/wp-content\/uploads\/2019\/08\/WhatsApp-Image-2019-08-06-at-15.33.57-2-1024x768.jpeg 1024w, https:\/\/jornalhorizonte.com.br\/wp-content\/uploads\/2019\/08\/WhatsApp-Image-2019-08-06-at-15.33.57-2-300x225.jpeg 300w, https:\/\/jornalhorizonte.com.br\/wp-content\/uploads\/2019\/08\/WhatsApp-Image-2019-08-06-at-15.33.57-2-768x576.jpeg 768w, https:\/\/jornalhorizonte.com.br\/wp-content\/uploads\/2019\/08\/WhatsApp-Image-2019-08-06-at-15.33.57-2-80x60.jpeg 80w, https:\/\/jornalhorizonte.com.br\/wp-content\/uploads\/2019\/08\/WhatsApp-Image-2019-08-06-at-15.33.57-2-265x198.jpeg 265w, https:\/\/jornalhorizonte.com.br\/wp-content\/uploads\/2019\/08\/WhatsApp-Image-2019-08-06-at-15.33.57-2-696x522.jpeg 696w, https:\/\/jornalhorizonte.com.br\/wp-content\/uploads\/2019\/08\/WhatsApp-Image-2019-08-06-at-15.33.57-2-1068x801.jpeg 1068w, https:\/\/jornalhorizonte.com.br\/wp-content\/uploads\/2019\/08\/WhatsApp-Image-2019-08-06-at-15.33.57-2-560x420.jpeg 560w, https:\/\/jornalhorizonte.com.br\/wp-content\/uploads\/2019\/08\/WhatsApp-Image-2019-08-06-at-15.33.57-2.jpeg 1280w\" sizes=\"(max-width: 1024px) 100vw, 1024px\" \/><\/figure><\/li><li class=\"blocks-gallery-item\"><figure><img loading=\"lazy\" decoding=\"async\" width=\"1024\" height=\"768\" src=\"https:\/\/jornalhorizonte.com.br\/wp-content\/uploads\/2019\/08\/WhatsApp-Image-2019-08-06-at-15.34.01-1024x768.jpeg\" alt=\"\" data-id=\"501\" data-link=\"https:\/\/jornalhorizonte.com.br\/?attachment_id=501\" class=\"wp-image-501\" srcset=\"https:\/\/jornalhorizonte.com.br\/wp-content\/uploads\/2019\/08\/WhatsApp-Image-2019-08-06-at-15.34.01-1024x768.jpeg 1024w, https:\/\/jornalhorizonte.com.br\/wp-content\/uploads\/2019\/08\/WhatsApp-Image-2019-08-06-at-15.34.01-300x225.jpeg 300w, https:\/\/jornalhorizonte.com.br\/wp-content\/uploads\/2019\/08\/WhatsApp-Image-2019-08-06-at-15.34.01-768x576.jpeg 768w, https:\/\/jornalhorizonte.com.br\/wp-content\/uploads\/2019\/08\/WhatsApp-Image-2019-08-06-at-15.34.01-80x60.jpeg 80w, https:\/\/jornalhorizonte.com.br\/wp-content\/uploads\/2019\/08\/WhatsApp-Image-2019-08-06-at-15.34.01-265x198.jpeg 265w, https:\/\/jornalhorizonte.com.br\/wp-content\/uploads\/2019\/08\/WhatsApp-Image-2019-08-06-at-15.34.01-696x522.jpeg 696w, https:\/\/jornalhorizonte.com.br\/wp-content\/uploads\/2019\/08\/WhatsApp-Image-2019-08-06-at-15.34.01-1068x801.jpeg 1068w, https:\/\/jornalhorizonte.com.br\/wp-content\/uploads\/2019\/08\/WhatsApp-Image-2019-08-06-at-15.34.01-560x420.jpeg 560w, https:\/\/jornalhorizonte.com.br\/wp-content\/uploads\/2019\/08\/WhatsApp-Image-2019-08-06-at-15.34.01.jpeg 1280w\" sizes=\"(max-width: 1024px) 100vw, 1024px\" \/><\/figure><\/li><\/ul>\n","protected":false},"excerpt":{"rendered":"<p>A Policl\u00ednica Municipal de S\u00e3o Jos\u00e9 da Lapa possui mais de 12 mil usu\u00e1rios cadastrados e, desses, aproximadamente 2 mil s\u00e3o atendidos mensalmente. O servi\u00e7o conta com profissionais de diversas especialidades para prestar assist\u00eancia integral em sa\u00fade \u00e0 popula\u00e7\u00e3o da cidade. De acordo com a Coordenadora da policl\u00ednica, Bruna Goulart, a unidade \u00e9 uma das [&hellip;]<\/p>\n","protected":false},"author":2,"featured_media":496,"comment_status":"open","ping_status":"open","sticky":false,"template":"","format":"standard","meta":{"footnotes":""},"categories":[1],"tags":[],"_links":{"self":[{"href":"https:\/\/jornalhorizonte.com.br\/index.php?rest_route=\/wp\/v2\/posts\/495"}],"collection":[{"href":"https:\/\/jornalhorizonte.com.br\/index.php?rest_route=\/wp\/v2\/posts"}],"about":[{"href":"https:\/\/jornalhorizonte.com.br\/index.php?rest_route=\/wp\/v2\/types\/post"}],"author":[{"embeddable":true,"href":"https:\/\/jornalhorizonte.com.br\/index.php?rest_route=\/wp\/v2\/users\/2"}],"replies":[{"embeddable":true,"href":"https:\/\/jornalhorizonte.com.br\/index.php?rest_route=%2Fwp%2Fv2%2Fcomments&post=495"}],"version-history":[{"count":0,"href":"https:\/\/jornalhorizonte.com.br\/index.php?rest_route=\/wp\/v2\/posts\/495\/revisions"}],"wp:featuredmedia":[{"embeddable":true,"href":"https:\/\/jornalhorizonte.com.br\/index.php?rest_route=\/wp\/v2\/media\/496"}],"wp:attachment":[{"href":"https:\/\/jornalhorizonte.com.br\/index.php?rest_route=%2Fwp%2Fv2%2Fmedia&parent=495"}],"wp:term":[{"taxonomy":"category","embeddable":true,"href":"https:\/\/jornalhorizonte.com.br\/index.php?rest_route=%2Fwp%2Fv2%2Fcategories&post=495"},{"taxonomy":"post_tag","embeddable":true,"href":"https:\/\/jornalhorizonte.com.br\/index.php?rest_route=%2Fwp%2Fv2%2Ftags&post=495"}],"curies":[{"name":"wp","href":"https:\/\/api.w.org\/{rel}","templated":true}]}}