{"id":462,"date":"2019-06-20T13:45:38","date_gmt":"2019-06-20T13:45:38","guid":{"rendered":"http:\/\/jornalhorizonte.com.br\/?p=462"},"modified":"2019-06-20T13:45:40","modified_gmt":"2019-06-20T13:45:40","slug":"trump-anuncia-que-deportara-milhoes-de-imigrantes-ilegais","status":"publish","type":"post","link":"https:\/\/jornalhorizonte.com.br\/?p=462","title":{"rendered":"Trump anuncia que deportar\u00e1 milh\u00f5es de \u201cimigrantes ilegais\u201d"},"content":{"rendered":"\n<h1 class=\"wp-block-heading\"><\/h1>\n\n\n\n<p>Na segunda-feira (17), o Presidente Donald Trump disse que o Departamento de Imigra\u00e7\u00e3o (ICE) come\u00e7ar\u00e1 a deportar dos EUA milh\u00f5es de imigrantes que entraram ilegalmente no pa\u00eds. \u201cNa pr\u00f3xima semana, o ICE come\u00e7ar\u00e1 o processo de remo\u00e7\u00e3o de milh\u00f5es de estrangeiros ilegais que ilicitamente entraram nos Estados Unidos\u201d, postou ele no Twitter, na noite de segunda-feira. \u201cEles ser\u00e3o removidos t\u00e3o r\u00e1pido quanto entraram\u201d.<\/p>\n\n\n\n<p>Trump comentou que o M\u00e9xico utiliza \u201cleis migrat\u00f3rias fortes\u201d para deter os imigrantes centro-americanos de entrar nos EUA. Ele tamb\u00e9m alegou que a \u201cGuatemala est\u00e1 se preparando para assinar um acordo trilateral\u201d.<\/p>\n\n\n\n<p>Um membro da administra\u00e7\u00e3o atual, que preferiu manter-se an\u00f4nimo, detalhou que tal a\u00e7\u00e3o focalizar\u00e1 os mais de 1 milh\u00e3o de pessoas que receberam ordens finais de deporta\u00e7\u00e3o, mas que permanecem nos EUA. N\u00e3o ficou claro, ainda na segunda-feira (17), se Trump referiu-se ao processo atual de deporta\u00e7\u00e3o ou se o ICE poria em pr\u00e1tica uma pol\u00edtica nova de \u201cremo\u00e7\u00e3o\u201d.<\/p>\n\n\n\n<p>\u201cO \u201cAcordo Trilateral\u201d exigiria que a Guatemala aceitasse refugiados de Honduras e El Salvador. A ONG Human Rights First considerou a ideia \u201csimplesmente rid\u00edcula\u201d.<\/p>\n\n\n\n<p>Al\u00e9m disso, Trump pediu aos legisladores democratas para ajuda-lo a confrontar a crise na imigra\u00e7\u00e3o. \u201cOs \u00fanicos que n\u00e3o far\u00e3o nada s\u00e3o os democratas no Congresso\u201d, postou Trump no Twitter.<\/p>\n\n\n\n<p>\u201cEles devem votar pelo fim das brechas das leis e atualizar o asilo! Desta forma, a crise na fronteira terminar\u00e1 rapidamente!\u201d Acrescentou.<\/p>\n\n\n\n<p>A Deputada Federal Alexandria Ocasio Cortez acusou a administra\u00e7\u00e3o Trump de abrigar imigrantes em campos de concentra\u00e7\u00e3o na fronteira mexicana e usou a frase \u201cnunca mais\u201d, que \u00e9 associada ao holocausto.<\/p>\n\n\n\n<p>\u201cOs Estados Unidos est\u00e3o mantendo campos de concentra\u00e7\u00e3o em nossa fronteira sul e \u00e9 exatamente isso que eles s\u00e3o; eles s\u00e3o campos de concentra\u00e7\u00e3o e se isso n\u00e3o te incomoda\u201d, postou ela no Instagram jogando as m\u00e3os para o alto. \u201cEu quero falar para as pessoas que est\u00e3o preocupadas o suficiente com a humanidade para dizerem que n\u00f3s n\u00e3o dever\u00edamos e que \u2018nunca mais\u2019 significa algo\u201d.<\/p>\n\n\n\n<p>Cortez, que autoconsidera socialista democrata, chamou o Presidente Trump de \u201cfacista\u201d por ele cumprir tais pol\u00edticas contra os imigrantes. \u201cEu n\u00e3o uso essas palavras \u00e0 toa. Eu n\u00e3o uso essas palavras simplesmente para jogar bombas\u201d, acrescentou. \u201cEu uso essa palavra porque isso \u00e9 o que uma administra\u00e7\u00e3o que cria campos de concentra\u00e7\u00e3o representa. Uma presid\u00eancia que cria campos de concentra\u00e7\u00e3o \u00e9 fascista e \u00e9 bastante dif\u00edcil dizer isso\u201d.<\/p>\n\n\n\n<p>O Departamento de Sa\u00fade &amp; Servi\u00e7os Humanos informou que recebeu aproximadamente 41 mil crian\u00e7as at\u00e9 abril, um aumento de 57% em contraste com 2018. As autoridades tamb\u00e9m avaliam o uso de outras instala\u00e7\u00f5es em Montana e Ge\u00f3rgia como abrigos tempor\u00e1rios para lidar com o n\u00famero crescente de menores que cruzam a fronteira, mas elas n\u00e3o estavam dispon\u00edveis.<br><\/p>\n","protected":false},"excerpt":{"rendered":"<p>Na segunda-feira (17), o Presidente Donald Trump disse que o Departamento de Imigra\u00e7\u00e3o (ICE) come\u00e7ar\u00e1 a deportar dos EUA milh\u00f5es de imigrantes que entraram ilegalmente no pa\u00eds. \u201cNa pr\u00f3xima semana, o ICE come\u00e7ar\u00e1 o processo de remo\u00e7\u00e3o de milh\u00f5es de estrangeiros ilegais que ilicitamente entraram nos Estados Unidos\u201d, postou ele no Twitter, na noite de [&hellip;]<\/p>\n","protected":false},"author":4,"featured_media":463,"comment_status":"open","ping_status":"open","sticky":false,"template":"","format":"standard","meta":{"footnotes":""},"categories":[19],"tags":[],"_links":{"self":[{"href":"https:\/\/jornalhorizonte.com.br\/index.php?rest_route=\/wp\/v2\/posts\/462"}],"collection":[{"href":"https:\/\/jornalhorizonte.com.br\/index.php?rest_route=\/wp\/v2\/posts"}],"about":[{"href":"https:\/\/jornalhorizonte.com.br\/index.php?rest_route=\/wp\/v2\/types\/post"}],"author":[{"embeddable":true,"href":"https:\/\/jornalhorizonte.com.br\/index.php?rest_route=\/wp\/v2\/users\/4"}],"replies":[{"embeddable":true,"href":"https:\/\/jornalhorizonte.com.br\/index.php?rest_route=%2Fwp%2Fv2%2Fcomments&post=462"}],"version-history":[{"count":0,"href":"https:\/\/jornalhorizonte.com.br\/index.php?rest_route=\/wp\/v2\/posts\/462\/revisions"}],"wp:featuredmedia":[{"embeddable":true,"href":"https:\/\/jornalhorizonte.com.br\/index.php?rest_route=\/wp\/v2\/media\/463"}],"wp:attachment":[{"href":"https:\/\/jornalhorizonte.com.br\/index.php?rest_route=%2Fwp%2Fv2%2Fmedia&parent=462"}],"wp:term":[{"taxonomy":"category","embeddable":true,"href":"https:\/\/jornalhorizonte.com.br\/index.php?rest_route=%2Fwp%2Fv2%2Fcategories&post=462"},{"taxonomy":"post_tag","embeddable":true,"href":"https:\/\/jornalhorizonte.com.br\/index.php?rest_route=%2Fwp%2Fv2%2Ftags&post=462"}],"curies":[{"name":"wp","href":"https:\/\/api.w.org\/{rel}","templated":true}]}}