{"id":456,"date":"2019-06-13T10:14:01","date_gmt":"2019-06-13T10:14:01","guid":{"rendered":"http:\/\/jornalhorizonte.com.br\/?p=456"},"modified":"2019-06-13T10:14:04","modified_gmt":"2019-06-13T10:14:04","slug":"de-graca-bh-recebe-festa-francesa-com-musicas-vinhos-e-mais","status":"publish","type":"post","link":"https:\/\/jornalhorizonte.com.br\/?p=456","title":{"rendered":"DE GRA\u00c7A! BH recebe Festa Francesa com m\u00fasicas, vinhos e mais"},"content":{"rendered":"\n<p>Uma das festas de rua mais tradicionais de Belo Horizonte j\u00e1 tem data e local marcado! No dia 14 de julho, a partir das 10h, a pra\u00e7a Jos\u00e9 Mendes Jr, localizada ao lado do Pal\u00e1cio da Liberdade, ser\u00e1 colorida de azul, vermelho e branco. O evento ser\u00e1 GRATUITO e conta com uma mega estrutura.<\/p>\n\n\n\n<p>A festa cultural ter\u00e1 diversos shows animando quem passar por l\u00e1, muita comida t\u00edpica, cervejas W\u00e4ls, al\u00e9m de um espa\u00e7o kids para a garotada. A programa\u00e7\u00e3o conta tamb\u00e9m com um festival de vinhos franceses, \u00f3timo pra se deliciar com a bebida da melhor qualidade e esquentar do frio.<\/p>\n\n\n\n<p>A entrada exigir\u00e1 ingresso que pode ser adquirido em troca de um alimento n\u00e3o perec\u00edvel. Os pontos para a retirada ser\u00e3o divulgados na&nbsp;<strong><a href=\"https:\/\/www.facebook.com\/events\/1118238555029041\/\" rel=\"noreferrer noopener\" target=\"_blank\">p\u00e1gina do evento<\/a><\/strong>.<\/p>\n\n\n\n<figure class=\"wp-block-image\"><img decoding=\"async\" src=\"https:\/\/bhaz-com-br.cdn.ampproject.org\/i\/bhaz.com.br\/wp-content\/uploads\/2019\/06\/Festa-Francesa-8-1-1024x640.jpg\" alt=\"\"\/><figcaption>Fauno\/Festa Francesa\/Facebook\/Reprodu\u00e7\u00e3o<\/figcaption><\/figure>\n\n\n\n<h1 class=\"wp-block-heading\" id=\"seo_h1_tag\">20\u00aa Festa Francesa de BH<\/h1>\n\n\n\n<p><strong>Quando?<\/strong>&nbsp;14 de julho, a partir das 10h<\/p>\n","protected":false},"excerpt":{"rendered":"<p>Uma das festas de rua mais tradicionais de Belo Horizonte j\u00e1 tem data e local marcado! No dia 14 de julho, a partir das 10h, a pra\u00e7a Jos\u00e9 Mendes Jr, localizada ao lado do Pal\u00e1cio da Liberdade, ser\u00e1 colorida de azul, vermelho e branco. O evento ser\u00e1 GRATUITO e conta com uma mega estrutura. A [&hellip;]<\/p>\n","protected":false},"author":3,"featured_media":457,"comment_status":"open","ping_status":"open","sticky":false,"template":"","format":"standard","meta":{"footnotes":""},"categories":[1],"tags":[],"_links":{"self":[{"href":"https:\/\/jornalhorizonte.com.br\/index.php?rest_route=\/wp\/v2\/posts\/456"}],"collection":[{"href":"https:\/\/jornalhorizonte.com.br\/index.php?rest_route=\/wp\/v2\/posts"}],"about":[{"href":"https:\/\/jornalhorizonte.com.br\/index.php?rest_route=\/wp\/v2\/types\/post"}],"author":[{"embeddable":true,"href":"https:\/\/jornalhorizonte.com.br\/index.php?rest_route=\/wp\/v2\/users\/3"}],"replies":[{"embeddable":true,"href":"https:\/\/jornalhorizonte.com.br\/index.php?rest_route=%2Fwp%2Fv2%2Fcomments&post=456"}],"version-history":[{"count":0,"href":"https:\/\/jornalhorizonte.com.br\/index.php?rest_route=\/wp\/v2\/posts\/456\/revisions"}],"wp:featuredmedia":[{"embeddable":true,"href":"https:\/\/jornalhorizonte.com.br\/index.php?rest_route=\/wp\/v2\/media\/457"}],"wp:attachment":[{"href":"https:\/\/jornalhorizonte.com.br\/index.php?rest_route=%2Fwp%2Fv2%2Fmedia&parent=456"}],"wp:term":[{"taxonomy":"category","embeddable":true,"href":"https:\/\/jornalhorizonte.com.br\/index.php?rest_route=%2Fwp%2Fv2%2Fcategories&post=456"},{"taxonomy":"post_tag","embeddable":true,"href":"https:\/\/jornalhorizonte.com.br\/index.php?rest_route=%2Fwp%2Fv2%2Ftags&post=456"}],"curies":[{"name":"wp","href":"https:\/\/api.w.org\/{rel}","templated":true}]}}