{"id":413,"date":"2019-05-05T22:10:46","date_gmt":"2019-05-05T22:10:46","guid":{"rendered":"http:\/\/jornalhorizonte.com.br\/?p=413"},"modified":"2019-05-05T22:10:48","modified_gmt":"2019-05-05T22:10:48","slug":"brasileiros-presos-nos-eua-sao-acusados-de-criar-o-primeiro-comando-de-massachusetts","status":"publish","type":"post","link":"https:\/\/jornalhorizonte.com.br\/?p=413","title":{"rendered":"Brasileiros presos nos EUA s\u00e3o acusados de criar o Primeiro Comando de Massachusetts"},"content":{"rendered":"\n<p>Brasileiros acusados de formar uma gangue foram presos e indiciados nos EUA e, de acordo com as autoridades americanas, formavam o Primeiro Comando de Massachusetts (PCM). O nome remete \u00e0 fac\u00e7\u00e3o criminosa Primeiro Comando da Capital, o PCC, que comanda pres\u00eddios e o tr\u00e1fico de drogas em v\u00e1rios estados brasileiros.<\/p>\n\n\n\n<p>Foram presos na semana passada 14 membros do grupo \u2013 ao menos dez s\u00e3o brasileiros \u2013 que atua em diversas cidades, incluindo Boston, segundo o Departamento de Justi\u00e7a americano.<\/p>\n\n\n\n<p>Investigados desde 2018 pelas autoridades do pa\u00eds, eles s\u00e3o acusados de praticar diversos crimes violentos: sequestro, roubo \u00e0 m\u00e3o armada, venda ilegal de armas e tr\u00e1fico de drogas.<\/p>\n","protected":false},"excerpt":{"rendered":"<p>Brasileiros acusados de formar uma gangue foram presos e indiciados nos EUA e, de acordo com as autoridades americanas, formavam o Primeiro Comando de Massachusetts (PCM). O nome remete \u00e0 fac\u00e7\u00e3o criminosa Primeiro Comando da Capital, o PCC, que comanda pres\u00eddios e o tr\u00e1fico de drogas em v\u00e1rios estados brasileiros. Foram presos na semana passada [&hellip;]<\/p>\n","protected":false},"author":4,"featured_media":414,"comment_status":"open","ping_status":"open","sticky":false,"template":"","format":"standard","meta":{"footnotes":""},"categories":[19],"tags":[],"_links":{"self":[{"href":"https:\/\/jornalhorizonte.com.br\/index.php?rest_route=\/wp\/v2\/posts\/413"}],"collection":[{"href":"https:\/\/jornalhorizonte.com.br\/index.php?rest_route=\/wp\/v2\/posts"}],"about":[{"href":"https:\/\/jornalhorizonte.com.br\/index.php?rest_route=\/wp\/v2\/types\/post"}],"author":[{"embeddable":true,"href":"https:\/\/jornalhorizonte.com.br\/index.php?rest_route=\/wp\/v2\/users\/4"}],"replies":[{"embeddable":true,"href":"https:\/\/jornalhorizonte.com.br\/index.php?rest_route=%2Fwp%2Fv2%2Fcomments&post=413"}],"version-history":[{"count":0,"href":"https:\/\/jornalhorizonte.com.br\/index.php?rest_route=\/wp\/v2\/posts\/413\/revisions"}],"wp:featuredmedia":[{"embeddable":true,"href":"https:\/\/jornalhorizonte.com.br\/index.php?rest_route=\/wp\/v2\/media\/414"}],"wp:attachment":[{"href":"https:\/\/jornalhorizonte.com.br\/index.php?rest_route=%2Fwp%2Fv2%2Fmedia&parent=413"}],"wp:term":[{"taxonomy":"category","embeddable":true,"href":"https:\/\/jornalhorizonte.com.br\/index.php?rest_route=%2Fwp%2Fv2%2Fcategories&post=413"},{"taxonomy":"post_tag","embeddable":true,"href":"https:\/\/jornalhorizonte.com.br\/index.php?rest_route=%2Fwp%2Fv2%2Ftags&post=413"}],"curies":[{"name":"wp","href":"https:\/\/api.w.org\/{rel}","templated":true}]}}