{"id":407,"date":"2019-05-01T02:20:44","date_gmt":"2019-05-01T02:20:44","guid":{"rendered":"http:\/\/jornalhorizonte.com.br\/?p=407"},"modified":"2019-05-01T02:20:46","modified_gmt":"2019-05-01T02:20:46","slug":"trump-emite-novo-memorando-para-dificultar-asilo-nos-eua","status":"publish","type":"post","link":"https:\/\/jornalhorizonte.com.br\/?p=407","title":{"rendered":"TRUMP EMITE NOVO MEMORANDO PARA DIFICULTAR ASILO NOS EUA"},"content":{"rendered":"\n<p>O Presidente Donald Trump emitiu um memorando ordenando as principais autoridades de Imigra\u00e7\u00e3o a adotarem medidas que endure\u00e7am e acelerem o processo de deporta\u00e7\u00e3o para asilo nos Estados Unidos. Em um documento divulgado, ontem (29), Trump ordenou o desenvolvimento de regulamenta\u00e7\u00f5es para impedir que certos solicitantes de asilo obtenham autoriza\u00e7\u00e3o para trabalhar, cobrar taxas sobre as peti\u00e7\u00f5es, acelerar as decis\u00f5es judiciais, e limitar o acesso a outras formas de asilo.<\/p>\n\n\n\n<p>As medidas \u2013 enquadradas como uma resposta a um aumento no n\u00famero de migrantes na fronteira sudoeste do pa\u00eds \u2013 representariam uma nova escalada da agenda de imigra\u00e7\u00e3o linha-dura de Trump. No entanto, elas n\u00e3o entrar\u00e3o imediatamente em vigor. Em vez disso, o Presidente pediu aos secret\u00e1rios dos departamentos de Seguran\u00e7a Interna e Justi\u00e7a que \u201ctomassem todas as medidas apropriadas\u201d para implementar as metas restritivas dentro de 90 dias.<\/p>\n\n\n\n<p>Ainda assim, os poss\u00edveis regulamentos exigidos no memorando \u2013 se e quando forem emitidos \u2013 quase certamente enfrentar\u00e3o desafios judiciais.<\/p>\n\n\n\n<p>A administra\u00e7\u00e3o Trump j\u00e1 tentou anteriormente uma s\u00e9rie de medidas para desencorajar a chegada de fam\u00edlias e crian\u00e7as da Am\u00e9rica Central na fronteira, mas sem muito sucesso. Os tribunais federais impediram v\u00e1rias iniciativas de restri\u00e7\u00f5es do Presidente, incluindo uma no final do ano passado de impedir que os imigrantes que atravessam os portos de entrada pedissem asilo.<\/p>\n\n\n\n<p>Enquanto isso, o n\u00famero de deten\u00e7\u00f5es na fronteira \u2013 uma m\u00e9trica usada para estimar cruzamentos \u2013 aumentou nos \u00faltimos meses. Em mar\u00e7o, a Patrulha de Fronteira dos EUA prendeu quase 93 mil pessoas na fronteira do pa\u00eds com o M\u00e9xico, uma contagem mensal compar\u00e1vel aos n\u00edveis mais altos de imigra\u00e7\u00e3o dos anos 80, 90 e in\u00edcio dos anos 2000.<\/p>\n","protected":false},"excerpt":{"rendered":"<p>O Presidente Donald Trump emitiu um memorando ordenando as principais autoridades de Imigra\u00e7\u00e3o a adotarem medidas que endure\u00e7am e acelerem o processo de deporta\u00e7\u00e3o para asilo nos Estados Unidos. Em um documento divulgado, ontem (29), Trump ordenou o desenvolvimento de regulamenta\u00e7\u00f5es para impedir que certos solicitantes de asilo obtenham autoriza\u00e7\u00e3o para trabalhar, cobrar taxas sobre [&hellip;]<\/p>\n","protected":false},"author":4,"featured_media":408,"comment_status":"open","ping_status":"open","sticky":false,"template":"","format":"standard","meta":{"footnotes":""},"categories":[19],"tags":[],"_links":{"self":[{"href":"https:\/\/jornalhorizonte.com.br\/index.php?rest_route=\/wp\/v2\/posts\/407"}],"collection":[{"href":"https:\/\/jornalhorizonte.com.br\/index.php?rest_route=\/wp\/v2\/posts"}],"about":[{"href":"https:\/\/jornalhorizonte.com.br\/index.php?rest_route=\/wp\/v2\/types\/post"}],"author":[{"embeddable":true,"href":"https:\/\/jornalhorizonte.com.br\/index.php?rest_route=\/wp\/v2\/users\/4"}],"replies":[{"embeddable":true,"href":"https:\/\/jornalhorizonte.com.br\/index.php?rest_route=%2Fwp%2Fv2%2Fcomments&post=407"}],"version-history":[{"count":0,"href":"https:\/\/jornalhorizonte.com.br\/index.php?rest_route=\/wp\/v2\/posts\/407\/revisions"}],"wp:featuredmedia":[{"embeddable":true,"href":"https:\/\/jornalhorizonte.com.br\/index.php?rest_route=\/wp\/v2\/media\/408"}],"wp:attachment":[{"href":"https:\/\/jornalhorizonte.com.br\/index.php?rest_route=%2Fwp%2Fv2%2Fmedia&parent=407"}],"wp:term":[{"taxonomy":"category","embeddable":true,"href":"https:\/\/jornalhorizonte.com.br\/index.php?rest_route=%2Fwp%2Fv2%2Fcategories&post=407"},{"taxonomy":"post_tag","embeddable":true,"href":"https:\/\/jornalhorizonte.com.br\/index.php?rest_route=%2Fwp%2Fv2%2Ftags&post=407"}],"curies":[{"name":"wp","href":"https:\/\/api.w.org\/{rel}","templated":true}]}}