{"id":404,"date":"2019-04-29T12:11:22","date_gmt":"2019-04-29T12:11:22","guid":{"rendered":"http:\/\/jornalhorizonte.com.br\/?p=404"},"modified":"2019-04-29T12:16:00","modified_gmt":"2019-04-29T12:16:00","slug":"bolsonaro-deve-voltar-a-florida-em-maio-para-encontro-com-a-comunidade-brasileira","status":"publish","type":"post","link":"https:\/\/jornalhorizonte.com.br\/?p=404","title":{"rendered":"Bolsonaro deve voltar \u00e0 Fl\u00f3rida em maio para encontro com a comunidade brasileira"},"content":{"rendered":"\n<p>O Presidente da Rep\u00fablica, Jair Bolsonaro, dever\u00e1 realizar visita, ainda a confirmar, a Miami no pr\u00f3ximo dia 15 de maio. Na ocasi\u00e3o, o Presidente, entre outros compromissos, planeja realizar reencontro com a comunidade brasileira da Fl\u00f3rida.<\/p>\n\n\n\n<p>A visita de Bolsonaro a Miami deve ocorrer no dia 15 de maio, um dia ap\u00f3s receber a homenagem em Nova York. No dia 14 de maio o presidente receber\u00e1 o t\u00edtulo de Pessoa do Ano, homenagem concedida pela C\u00e2mara de Com\u00e9rcio Brasil-EUA. Bolsonaro vai receber o pr\u00eamio no hotel New York Marriott Marquis, na Times Square.<\/p>\n\n\n\n<p>Para o C\u00f4nsul-Geral em Miami, Embaixador Jo\u00e3o Mendes Pereira, a visita do Presidente Jair Bolsonaro \u00e0 Fl\u00f3rida ressalta a \u201cimport\u00e2ncia da presen\u00e7a brasileira no estado, uma das maiores comunidades brasileiras no exterior, com vibrante produ\u00e7\u00e3o cultural e significativos investimentos na regi\u00e3o\u201d.<\/p>\n\n\n\n<p>A programa\u00e7\u00e3o (que ainda est\u00e1 para ser confirmada) inclui um poss\u00edvel reencontro do presidente com a comunidade brasileira em Boca Raton. O local ainda est\u00e1 sendo definido pela equipe e o Consulado do Brasil em Miami prestar\u00e1 apoio na organiza\u00e7\u00e3o do encontro.<\/p>\n\n\n\n<p>Bolsonaro repete discursos pol\u00eamicos na Fl\u00f3rida e diz que quer trabalhar para \u201cunir os brasileiros\u201d<\/p>\n\n\n\n<p>A influenciadora digital e apoiadora do presidente, Karol Eller, conhecida na comunidade e que fez a ponte na primeira vinda de Bolsonaro ainda quando era pr\u00e9-candidato \u00e0 presid\u00eancia, far\u00e1 parte da comitiva.<\/p>\n\n\n\n<p>Atualmente trabalhando como assessora do deputado Coronel Sandro (PSL) em Minas Gerais, ela mant\u00e9m seu canal nas redes sociais, procurando sempre esclarecer as quest\u00f5es que envolvem a fam\u00edlia Bolsonaro.<\/p>\n\n\n\n<p>Os la\u00e7os entre os representantes americanos e brasileiros nunca estiveram t\u00e3o fortes. Al\u00e9m do prefeito de Miami-Dade, Carlos Gim\u00e9nez, segundo confirmado pela assessoria da presid\u00eancia, est\u00e3o na lista de convidados os dois senadores republicanos da Fl\u00f3rida, Marco Rubio e Richard Lynn Scott.<\/p>\n\n\n\n<p>Bolsonaro realizou visita oficial \u00e0 Casa Branca no dia 19 de mar\u00e7o, quando se encontrou pessoalmente com o presidente Donald Trump.<\/p>\n","protected":false},"excerpt":{"rendered":"<p>O Presidente da Rep\u00fablica, Jair Bolsonaro, dever\u00e1 realizar visita, ainda a confirmar, a Miami no pr\u00f3ximo dia 15 de maio. Na ocasi\u00e3o, o Presidente, entre outros compromissos, planeja realizar reencontro com a comunidade brasileira da Fl\u00f3rida. A visita de Bolsonaro a Miami deve ocorrer no dia 15 de maio, um dia ap\u00f3s receber a homenagem [&hellip;]<\/p>\n","protected":false},"author":4,"featured_media":405,"comment_status":"open","ping_status":"open","sticky":false,"template":"","format":"standard","meta":{"footnotes":""},"categories":[1],"tags":[],"_links":{"self":[{"href":"https:\/\/jornalhorizonte.com.br\/index.php?rest_route=\/wp\/v2\/posts\/404"}],"collection":[{"href":"https:\/\/jornalhorizonte.com.br\/index.php?rest_route=\/wp\/v2\/posts"}],"about":[{"href":"https:\/\/jornalhorizonte.com.br\/index.php?rest_route=\/wp\/v2\/types\/post"}],"author":[{"embeddable":true,"href":"https:\/\/jornalhorizonte.com.br\/index.php?rest_route=\/wp\/v2\/users\/4"}],"replies":[{"embeddable":true,"href":"https:\/\/jornalhorizonte.com.br\/index.php?rest_route=%2Fwp%2Fv2%2Fcomments&post=404"}],"version-history":[{"count":0,"href":"https:\/\/jornalhorizonte.com.br\/index.php?rest_route=\/wp\/v2\/posts\/404\/revisions"}],"wp:featuredmedia":[{"embeddable":true,"href":"https:\/\/jornalhorizonte.com.br\/index.php?rest_route=\/wp\/v2\/media\/405"}],"wp:attachment":[{"href":"https:\/\/jornalhorizonte.com.br\/index.php?rest_route=%2Fwp%2Fv2%2Fmedia&parent=404"}],"wp:term":[{"taxonomy":"category","embeddable":true,"href":"https:\/\/jornalhorizonte.com.br\/index.php?rest_route=%2Fwp%2Fv2%2Fcategories&post=404"},{"taxonomy":"post_tag","embeddable":true,"href":"https:\/\/jornalhorizonte.com.br\/index.php?rest_route=%2Fwp%2Fv2%2Ftags&post=404"}],"curies":[{"name":"wp","href":"https:\/\/api.w.org\/{rel}","templated":true}]}}