{"id":395,"date":"2019-04-25T18:32:57","date_gmt":"2019-04-25T18:32:57","guid":{"rendered":"http:\/\/jornalhorizonte.com.br\/?p=395"},"modified":"2019-04-25T18:33:01","modified_gmt":"2019-04-25T18:33:01","slug":"artistas-transformam-passarela-icone-de-bh-em-mural-e-discutem-arte-urbana-em-evento-gratuito","status":"publish","type":"post","link":"https:\/\/jornalhorizonte.com.br\/?p=395","title":{"rendered":"Artistas transformam passarela \u00edcone de BH em mural e discutem arte urbana em evento gratuito"},"content":{"rendered":"\n<p>\u201cMuitas culturas diferentes, mas o sentimento humano \u00e9 universal\u201d, diz a artista italiana Alice Pasquini sobre a forma como a arte se conecta com as pessoas. Ela participa de uma a\u00e7\u00e3o de revitaliza\u00e7\u00e3o no bairro Lagoinha, um dos mais antigos de Belo Horizonte. O trabalho \u00e9 ao lado de tr\u00eas artistas mineiros que vivem a cidade cotidianamente.<\/p>\n\n\n\n<p>Eles usam spray, pincel e tinta para alterar o cen\u00e1rio, que \u00e9 passagem de milhares de pessoas todos os dias. A interven\u00e7\u00e3o vai transformar a passarela que d\u00e1 acesso ao metr\u00f4 em um grande painel. Ser\u00e3o 400 metros de pintura, bem ao lado da rodovi\u00e1ria, na chegada ao centro.<\/p>\n\n\n\n<p>\u201cOs artistas est\u00e3o fazendo um trabalho muito lindo na passarela. Este espa\u00e7o vai ser verdadeiramente transformado e ser um centro de comunica\u00e7\u00e3o no bairro. N\u00e3o ser\u00e1 apenas uma passagem\u201d, disse Alice.<\/p>\n\n\n\n<figure class=\"wp-block-image\"><img loading=\"lazy\" decoding=\"async\" width=\"25\" height=\"17\" src=\"https:\/\/jornalhorizonte.com.br\/wp-content\/uploads\/2019\/04\/image.jpeg\" alt=\"\" class=\"wp-image-397\"\/><\/figure>\n\n\n\n<figure class=\"wp-block-image\"><img decoding=\"async\" src=\"https:\/\/s2.glbimg.com\/_PjiXZtAZST0Ru-DUN-_kF2I1xw=\/0x0:3216x2136\/1008x0\/smart\/filters:strip_icc()\/i.s3.glbimg.com\/v1\/AUTH_59edd422c0c84a879bd37670ae4f538a\/internal_photos\/bs\/2019\/p\/v\/PkqCXSTZG9bQtS5lhVZg\/22-04-19-gentileza-passarela-lagoinha-amira-hissa-1-.jpg\" alt=\"Artista Gabriel Dias participar do 'Projeto Gentileza, Lagoinha', que revistaliza passarela \u2014 Foto: Amira Hissa\"\/><\/figure>\n\n\n\n<p>Artista Gabriel Dias participar do &#8216;Projeto Gentileza, Lagoinha&#8217;, que revistaliza passarela \u2014 Foto: Amira Hissa<\/p>\n\n\n\n<p>Se sentindo em casa, o artista visual Jo\u00e3o Gabriel, 34 anos, fala das refer\u00eancias que buscou para ajudar a criar o painel.<\/p>\n\n\n\n<blockquote class=\"wp-block-quote\"><p>\u201cComo \u00e9 uma passagem de v\u00e1rios pontos de Belo Horizonte para o centro, a ideia \u00e9 deixar um pouco mais leve. Pesquisei muitas plantas de pra\u00e7as na regi\u00e3o e trago essas refer\u00eancias. Al\u00e9m de refer\u00eancias culturais, como a Casa da Loba, que ficava abandonada na Rua Itapecerica\u201d, contou.<\/p><\/blockquote>\n\n\n\n<figure><iframe loading=\"lazy\" src=\"https:\/\/tpc.googlesyndication.com\/safeframe\/1-0-33\/html\/container.html\" width=\"970\" height=\"250\"><\/iframe><\/figure>\n\n\n\n<p>Uma est\u00e1tua de loba amamentando duas crian\u00e7as despertava a aten\u00e7\u00e3o pela edifica\u00e7\u00e3o. \u201cSou morador do Lagoinha e passo aqui praticamente todos os dias e sempre imaginei esse espa\u00e7o pintado com grafite. Ent\u00e3o t\u00e1 sendo um sonho\u201d. Ele come\u00e7ou a estudar arte influenciado pelo grafite, o que expressa a rela\u00e7\u00e3o forte com o que \u00e9 urbano. Al\u00e9m da parte est\u00e9tica, ele compreende o processo como uma \u201crequalifica\u00e7\u00e3o cultural\u201d.<\/p>\n\n\n\n<figure class=\"wp-block-image\"><img loading=\"lazy\" decoding=\"async\" width=\"25\" height=\"13\" src=\"https:\/\/jornalhorizonte.com.br\/wp-content\/uploads\/2019\/04\/image-3.jpeg\" alt=\"\" class=\"wp-image-399\"\/><\/figure>\n\n\n\n<figure class=\"wp-block-image\"><img decoding=\"async\" src=\"https:\/\/s2.glbimg.com\/LsfyeDF3aNipBFahsJImg8q57Mc=\/0x0:3216x1723\/1008x0\/smart\/filters:strip_icc()\/i.s3.glbimg.com\/v1\/AUTH_59edd422c0c84a879bd37670ae4f538a\/internal_photos\/bs\/2019\/a\/B\/fjQUI5SA67UG8Kez9sRQ\/23-04-19-gentileza-passarela-lagoinha-amira-hissa-4-.jpg\" alt=\"Artistas mineiros Clara Valente, Jo\u00e3o Gabriel e Gabriel Dias \u2014 Foto: Amira Hissa\"\/><\/figure>\n\n\n\n<p>Artistas mineiros Clara Valente, Jo\u00e3o Gabriel e Gabriel Dias \u2014 Foto: Amira Hissa<\/p>\n\n\n\n<p>A previs\u00e3o \u00e9 de 12 horas de trabalho di\u00e1rio, com conclus\u00e3o na semana que vem. Os artistas Clara Valente e Gabriel Dias tamb\u00e9m participam do projeto. A passarela liga a Pra\u00e7a Vaz de Mello \u00e0 Rodovi\u00e1ria da capital mineira e \u00e0 esta\u00e7\u00e3o de metr\u00f4. A interven\u00e7\u00e3o \u00e9 a terceira etapa de uma a\u00e7\u00e3o de requalifica\u00e7\u00e3o feita pelo Movimento Gentileza, em parceria com v\u00e1rios entidades, incluindo o Consulado da It\u00e1lia.<\/p>\n\n\n\n<p>Em sincronia com o colorido das ruas, o lugar da arte urbana ser\u00e1 o assunto em um bate-papo com entrada gratuita na Casa Fiat de Cultura, nesta quarta-feira (24), das 19h30 \u00e0s 21h. \u201cMuros limpos, povos mudos\u201d ser\u00e1 conduzido pela artista italiana com participa\u00e7\u00e3o de artistas locais.<\/p>\n\n\n\n<figure class=\"wp-block-image\"><img loading=\"lazy\" decoding=\"async\" width=\"25\" height=\"17\" src=\"https:\/\/jornalhorizonte.com.br\/wp-content\/uploads\/2019\/04\/image-1.jpeg\" alt=\"\" class=\"wp-image-396\"\/><\/figure>\n\n\n\n<figure class=\"wp-block-image\"><img decoding=\"async\" src=\"https:\/\/s2.glbimg.com\/grdebOCq3HadgNTNeO8CeCGKmiE=\/0x0:1500x1000\/1008x0\/smart\/filters:strip_icc()\/i.s3.glbimg.com\/v1\/AUTH_59edd422c0c84a879bd37670ae4f538a\/internal_photos\/bs\/2019\/0\/t\/Awq8hzQHGXlqXrl0UHQQ\/alice-pasquini-civitacampomarano-2015-foto-jessica-stewart.jpg\" alt=\"Obra de Alice Pasquini, na It\u00e1lia \u2014 Foto: Jessica Stewart\"\/><\/figure>\n\n\n\n<p>Obra de Alice Pasquini, na It\u00e1lia \u2014 Foto: Jessica Stewart<\/p>\n\n\n\n<figure><iframe loading=\"lazy\" src=\"https:\/\/tpc.googlesyndication.com\/safeframe\/1-0-33\/html\/container.html\" width=\"970\" height=\"250\"><\/iframe><\/figure>\n\n\n\n<blockquote class=\"wp-block-quote\"><p>&#8220;A arte est\u00e1 presente na hist\u00f3ria da humanidade. Os muros s\u00e3o as palavras das pessoas que vivem na cidade, um espa\u00e7o para enviar uma mensagem ou comunica\u00e7\u00e3o. Cada muro \u00e9 pr\u00f3prio do lugar\u201d, define Alice.<\/p><\/blockquote>\n\n\n\n<p>Segundo a artista italiana, ao se expressar dessa forma, ela consegue \u201chumanizar\u201d o concreto e fazer a arte mudar a percep\u00e7\u00e3o do espa\u00e7o. \u201cMinha arte fala dos sentimentos humanos. A inspira\u00e7\u00e3o est\u00e1 ligada \u00e0 forma do muro e a hist\u00f3ria do lugar\u201d.<\/p>\n\n\n\n<p>Alice pintou mais de 2 mil paredes em todos os continentes, exceto na Ant\u00e1rtida. No Brasil, acabou de pintar o exterior do Sesc Pinheiros, em S\u00e3o Paulo, inaugurando a primeira obra de arte dela no pa\u00eds. S\u00e3o pequenas e grandes interven\u00e7\u00f5es em espa\u00e7os p\u00fablicos.<\/p>\n\n\n\n<p>A rela\u00e7\u00e3o entre Belo Horizonte e o pa\u00eds europeu vem da constru\u00e7\u00e3o do bairro Lagoinha, que recebeu italianos no final do s\u00e9culo 19 e in\u00edcio do s\u00e9culo 20.<\/p>\n\n\n\n<p><strong>Servi\u00e7o:<br><\/strong>Bate-papo \u201cMuros limpos, povos mudos\u201d com Alice Pasquini<br>24 de abril de 2019, \u00e0s 19h30<br>Entrada gratuita<br>Casa Fiat de Cultura &#8211; Pra\u00e7a da Liberdade, 10 &#8211; Funcion\u00e1rios &#8211; BH\/MG<\/p>\n\n\n\n<figure class=\"wp-block-image\"><img loading=\"lazy\" decoding=\"async\" width=\"25\" height=\"19\" src=\"https:\/\/jornalhorizonte.com.br\/wp-content\/uploads\/2019\/04\/image-2.jpeg\" alt=\"\" class=\"wp-image-398\"\/><\/figure>\n\n\n\n<figure class=\"wp-block-image\"><img decoding=\"async\" src=\"https:\/\/s2.glbimg.com\/zmvV6BW9zvBcZ4ilLbq-ZjmGw7M=\/0x0:1333x1000\/1008x0\/smart\/filters:strip_icc()\/i.s3.glbimg.com\/v1\/AUTH_59edd422c0c84a879bd37670ae4f538a\/internal_photos\/bs\/2019\/R\/T\/UAK7zIQr6GBVaeDK8lqw\/alice-pasquini-hamburg-2016-foto-alice-pasquini.jpg\" alt=\"Muro pintado por Alice Pasquini, em Hamburgo, na Alemanha \u2014 Foto: Alice Pasquini\"\/><\/figure>\n\n\n\n<p>Muro pintado por Alice Pasquini, em Hamburgo, na Alemanha \u2014 Foto: Alice Pasquini<\/p>\n\n\n\n<ul><li><a href=\"https:\/\/g1.globo.com\/mg\/minas-gerais\/cidade\/belo-horizonte\/\">BELO HORIZONTE<\/a><\/li><\/ul>\n","protected":false},"excerpt":{"rendered":"<p>\u201cMuitas culturas diferentes, mas o sentimento humano \u00e9 universal\u201d, diz a artista italiana Alice Pasquini sobre a forma como a arte se conecta com as pessoas. Ela participa de uma a\u00e7\u00e3o de revitaliza\u00e7\u00e3o no bairro Lagoinha, um dos mais antigos de Belo Horizonte. O trabalho \u00e9 ao lado de tr\u00eas artistas mineiros que vivem a [&hellip;]<\/p>\n","protected":false},"author":3,"featured_media":400,"comment_status":"open","ping_status":"open","sticky":false,"template":"","format":"standard","meta":{"footnotes":""},"categories":[1],"tags":[],"_links":{"self":[{"href":"https:\/\/jornalhorizonte.com.br\/index.php?rest_route=\/wp\/v2\/posts\/395"}],"collection":[{"href":"https:\/\/jornalhorizonte.com.br\/index.php?rest_route=\/wp\/v2\/posts"}],"about":[{"href":"https:\/\/jornalhorizonte.com.br\/index.php?rest_route=\/wp\/v2\/types\/post"}],"author":[{"embeddable":true,"href":"https:\/\/jornalhorizonte.com.br\/index.php?rest_route=\/wp\/v2\/users\/3"}],"replies":[{"embeddable":true,"href":"https:\/\/jornalhorizonte.com.br\/index.php?rest_route=%2Fwp%2Fv2%2Fcomments&post=395"}],"version-history":[{"count":0,"href":"https:\/\/jornalhorizonte.com.br\/index.php?rest_route=\/wp\/v2\/posts\/395\/revisions"}],"wp:featuredmedia":[{"embeddable":true,"href":"https:\/\/jornalhorizonte.com.br\/index.php?rest_route=\/wp\/v2\/media\/400"}],"wp:attachment":[{"href":"https:\/\/jornalhorizonte.com.br\/index.php?rest_route=%2Fwp%2Fv2%2Fmedia&parent=395"}],"wp:term":[{"taxonomy":"category","embeddable":true,"href":"https:\/\/jornalhorizonte.com.br\/index.php?rest_route=%2Fwp%2Fv2%2Fcategories&post=395"},{"taxonomy":"post_tag","embeddable":true,"href":"https:\/\/jornalhorizonte.com.br\/index.php?rest_route=%2Fwp%2Fv2%2Ftags&post=395"}],"curies":[{"name":"wp","href":"https:\/\/api.w.org\/{rel}","templated":true}]}}