{"id":372,"date":"2019-04-09T23:21:42","date_gmt":"2019-04-09T23:21:42","guid":{"rendered":"http:\/\/jornalhorizonte.com.br\/?p=372"},"modified":"2019-04-09T23:21:45","modified_gmt":"2019-04-09T23:21:45","slug":"new-york-city-declara-emergencia-devido-a-surto-de-sarampo","status":"publish","type":"post","link":"https:\/\/jornalhorizonte.com.br\/?p=372","title":{"rendered":"New York City declara emerg\u00eancia devido a surto de sarampo"},"content":{"rendered":"\n<p>A cidade de New York declarou emerg\u00eancia devido a um surto de sarampo que est\u00e1 atingindo uma comunidade judia ortodoxa em Williamsburg. O prefeito de NY, Bill de Blasio, afirmou que as pessoas que moram em regi\u00f5es afetadas e que estiveram em contato com pessoas doentes ser\u00e3o obrigadas a se vacinar. Quem se recusar a tomar a vacina, vai pagar multa de $1 mil.<\/p>\n\n\n\n<p>\u201cTodos os dias, todas as horas s\u00e3o importantes. Se as pessoas forem se vacinar, ningu\u00e9m leva multa. Queremos resolver um problema de sa\u00fade p\u00fablica\u201d, comentou de Blasio.<\/p>\n\n\n\n<p>Os casos de sarampo come\u00e7aram a aparecer em NY em outubro do ano passado nas regi\u00f5es do Brooklyn e no Queens, quando foram registrados 285 casos. Outros 15 casos foram registrados em Orange County e 168 casos de sarampo em Rockland County. Segundo especialistas em sa\u00fade, o surto come\u00e7ou quando crian\u00e7as n\u00e3o vacinadas se infectaram em Israel e voltaram para New York.<\/p>\n\n\n\n<p>\u201cDesde ent\u00e3o, pessoas do Brooklyn e Queens que n\u00e3o foram vacinadas pegaram sarampo em Israel e infectaram outras pessoas\u201d, informou o departamento de sa\u00fade.<\/p>\n\n\n\n<p>O sarampo \u00e9 uma doen\u00e7a altamente contagiosa, que pode ser prevenida com vacina, caracterizada por manchas vermelhas no corpo, febre, tosse e olhos marejados. A doen\u00e7a pode levar \u00e0 morte caso haja complica\u00e7\u00f5es, como encefalite em crian\u00e7as, levar a surdez e retardo.<\/p>\n\n\n\n<p>Os moradores de New York devem ligar para o n\u00famero 311 para obter informa\u00e7\u00f5es de onde se vacinar contra o sarampo a baixo custo.<\/p>\n\n\n\n<p>Al\u00e9m de New York, os estados americanos do Arizona, Calif\u00f3rnia, Colorado, Connecticut, Fl\u00f3rida, Georgia, Illinois, Indiana, Kentucky, Massachusetts, Michigan, Missouri, Nevada, New Hampshire, New Jersey, &nbsp;Oregon, Texas e Washington tiveram registros de casos de sarampo.<\/p>\n","protected":false},"excerpt":{"rendered":"<p>A cidade de New York declarou emerg\u00eancia devido a um surto de sarampo que est\u00e1 atingindo uma comunidade judia ortodoxa em Williamsburg. O prefeito de NY, Bill de Blasio, afirmou que as pessoas que moram em regi\u00f5es afetadas e que estiveram em contato com pessoas doentes ser\u00e3o obrigadas a se vacinar. Quem se recusar a [&hellip;]<\/p>\n","protected":false},"author":4,"featured_media":373,"comment_status":"open","ping_status":"open","sticky":false,"template":"","format":"standard","meta":{"footnotes":""},"categories":[19],"tags":[],"_links":{"self":[{"href":"https:\/\/jornalhorizonte.com.br\/index.php?rest_route=\/wp\/v2\/posts\/372"}],"collection":[{"href":"https:\/\/jornalhorizonte.com.br\/index.php?rest_route=\/wp\/v2\/posts"}],"about":[{"href":"https:\/\/jornalhorizonte.com.br\/index.php?rest_route=\/wp\/v2\/types\/post"}],"author":[{"embeddable":true,"href":"https:\/\/jornalhorizonte.com.br\/index.php?rest_route=\/wp\/v2\/users\/4"}],"replies":[{"embeddable":true,"href":"https:\/\/jornalhorizonte.com.br\/index.php?rest_route=%2Fwp%2Fv2%2Fcomments&post=372"}],"version-history":[{"count":0,"href":"https:\/\/jornalhorizonte.com.br\/index.php?rest_route=\/wp\/v2\/posts\/372\/revisions"}],"wp:featuredmedia":[{"embeddable":true,"href":"https:\/\/jornalhorizonte.com.br\/index.php?rest_route=\/wp\/v2\/media\/373"}],"wp:attachment":[{"href":"https:\/\/jornalhorizonte.com.br\/index.php?rest_route=%2Fwp%2Fv2%2Fmedia&parent=372"}],"wp:term":[{"taxonomy":"category","embeddable":true,"href":"https:\/\/jornalhorizonte.com.br\/index.php?rest_route=%2Fwp%2Fv2%2Fcategories&post=372"},{"taxonomy":"post_tag","embeddable":true,"href":"https:\/\/jornalhorizonte.com.br\/index.php?rest_route=%2Fwp%2Fv2%2Ftags&post=372"}],"curies":[{"name":"wp","href":"https:\/\/api.w.org\/{rel}","templated":true}]}}