{"id":345,"date":"2019-03-27T19:33:25","date_gmt":"2019-03-27T19:33:25","guid":{"rendered":"http:\/\/jornalhorizonte.com.br\/?p=345"},"modified":"2019-03-27T19:33:28","modified_gmt":"2019-03-27T19:33:28","slug":"em-reformulacao-tv-brasil-ganha-novo-logotipo-e-slogan","status":"publish","type":"post","link":"https:\/\/jornalhorizonte.com.br\/?p=345","title":{"rendered":"Em reformula\u00e7\u00e3o, TV Brasil ganha novo logotipo e slogan"},"content":{"rendered":"\n<p>Inicialmente envolvida nos rumores de que iria acabar assim que o governo de&nbsp;<strong>Jair Bolsonaro<\/strong>&nbsp;(PSL) passasse a valer no pa\u00eds, a&nbsp;<strong>TV Brasil<\/strong>, ao que tudo indica, ganhou sobrevida e, tamb\u00e9m, nova roupagem.<\/p>\n\n\n\n<p>Nesta semana, o canal p\u00fablico estreia seu novo logotipo, como parte das mudan\u00e7as que vem recebendo ao longo da nova gest\u00e3o. Sai o azul, predominante desde quando estreou, e entra o verde amarelo, exaustivamente usado pelo governo Bolsonaro.<\/p>\n\n\n\n<p>Al\u00e9m de ficar mais simples e com estilo \u2018flat\u2019, o canal tamb\u00e9m ganha novo lema.&nbsp;<em>\u201cChegou a hora da TV Brasil brilhar e voc\u00ea faz parte desta mudan\u00e7a\u201d<\/em>, diz um cartaz. A novidade foi apresentada pela nova dire\u00e7\u00e3o do canal aos funcion\u00e1rios.<\/p>\n\n\n\n<p>Desde o in\u00edcio de 2019, o canal p\u00fablico tem passado por reformula\u00e7\u00f5es na programa\u00e7\u00e3o e corpo diretivo. Recentemente, foi anunciada a volta do \u201cSem Censura\u201d, atra\u00e7\u00e3o que foi sucesso na emissora sob o comando de Leda Nagle e que havia sido extinta.<\/p>\n","protected":false},"excerpt":{"rendered":"<p>Inicialmente envolvida nos rumores de que iria acabar assim que o governo de&nbsp;Jair Bolsonaro&nbsp;(PSL) passasse a valer no pa\u00eds, a&nbsp;TV Brasil, ao que tudo indica, ganhou sobrevida e, tamb\u00e9m, nova roupagem. Nesta semana, o canal p\u00fablico estreia seu novo logotipo, como parte das mudan\u00e7as que vem recebendo ao longo da nova gest\u00e3o. Sai o azul, [&hellip;]<\/p>\n","protected":false},"author":3,"featured_media":346,"comment_status":"open","ping_status":"open","sticky":false,"template":"","format":"standard","meta":{"footnotes":""},"categories":[1],"tags":[],"_links":{"self":[{"href":"https:\/\/jornalhorizonte.com.br\/index.php?rest_route=\/wp\/v2\/posts\/345"}],"collection":[{"href":"https:\/\/jornalhorizonte.com.br\/index.php?rest_route=\/wp\/v2\/posts"}],"about":[{"href":"https:\/\/jornalhorizonte.com.br\/index.php?rest_route=\/wp\/v2\/types\/post"}],"author":[{"embeddable":true,"href":"https:\/\/jornalhorizonte.com.br\/index.php?rest_route=\/wp\/v2\/users\/3"}],"replies":[{"embeddable":true,"href":"https:\/\/jornalhorizonte.com.br\/index.php?rest_route=%2Fwp%2Fv2%2Fcomments&post=345"}],"version-history":[{"count":0,"href":"https:\/\/jornalhorizonte.com.br\/index.php?rest_route=\/wp\/v2\/posts\/345\/revisions"}],"wp:featuredmedia":[{"embeddable":true,"href":"https:\/\/jornalhorizonte.com.br\/index.php?rest_route=\/wp\/v2\/media\/346"}],"wp:attachment":[{"href":"https:\/\/jornalhorizonte.com.br\/index.php?rest_route=%2Fwp%2Fv2%2Fmedia&parent=345"}],"wp:term":[{"taxonomy":"category","embeddable":true,"href":"https:\/\/jornalhorizonte.com.br\/index.php?rest_route=%2Fwp%2Fv2%2Fcategories&post=345"},{"taxonomy":"post_tag","embeddable":true,"href":"https:\/\/jornalhorizonte.com.br\/index.php?rest_route=%2Fwp%2Fv2%2Ftags&post=345"}],"curies":[{"name":"wp","href":"https:\/\/api.w.org\/{rel}","templated":true}]}}