{"id":333,"date":"2019-03-24T03:58:50","date_gmt":"2019-03-24T03:58:50","guid":{"rendered":"http:\/\/jornalhorizonte.com.br\/?p=333"},"modified":"2019-03-24T03:59:54","modified_gmt":"2019-03-24T03:59:54","slug":"por-que-o-brasil-decidiu-isentar-de-visto-turistas-de-eua-japao-australia-e-canada","status":"publish","type":"post","link":"https:\/\/jornalhorizonte.com.br\/?p=333","title":{"rendered":"Por que o Brasil decidiu isentar de visto turistas de EUA, Jap\u00e3o, Austr\u00e1lia e Canad\u00e1"},"content":{"rendered":"\n<p class=\"has-drop-cap\">O governo brasileiro anunciou nesta segunda-feira que cidad\u00e3os de EUA, Jap\u00e3o, Austr\u00e1lia e Canad\u00e1 n\u00e3o precisar\u00e3o mais de vistos para viajar ao Brasil como turistas.<\/p>\n\n\n\n<p>A decis\u00e3o &#8211; que rompe o princ\u00edpio de reciprocidade adotado historicamente pela diplomacia brasileira &#8211; n\u00e3o implica qualquer contrapartida dos pa\u00edses contemplados, que continuar\u00e3o a exigir vistos para turistas brasileiros.<\/p>\n\n\n\n<p>O decreto que detalha a medida, publicado em uma edi\u00e7\u00e3o extraordin\u00e1ria do Di\u00e1rio Oficial da Uni\u00e3o, \u00e9 assinado pelo presidente Jair Bolsonaro e pelos ministros Ernesto Ara\u00fajo (Rela\u00e7\u00f5es Exteriores), S\u00e9rgio Moro (Justi\u00e7a e Seguran\u00e7a P\u00fablica) e Marcelo \u00c1lvaro Ant\u00f4nio (Turismo).<\/p>\n","protected":false},"excerpt":{"rendered":"<p>O governo brasileiro anunciou nesta segunda-feira que cidad\u00e3os de EUA, Jap\u00e3o, Austr\u00e1lia e Canad\u00e1 n\u00e3o precisar\u00e3o mais de vistos para viajar ao Brasil como turistas. A decis\u00e3o &#8211; que rompe o princ\u00edpio de reciprocidade adotado historicamente pela diplomacia brasileira &#8211; n\u00e3o implica qualquer contrapartida dos pa\u00edses contemplados, que continuar\u00e3o a exigir vistos para turistas brasileiros. [&hellip;]<\/p>\n","protected":false},"author":4,"featured_media":334,"comment_status":"open","ping_status":"open","sticky":false,"template":"","format":"standard","meta":{"footnotes":""},"categories":[19],"tags":[],"_links":{"self":[{"href":"https:\/\/jornalhorizonte.com.br\/index.php?rest_route=\/wp\/v2\/posts\/333"}],"collection":[{"href":"https:\/\/jornalhorizonte.com.br\/index.php?rest_route=\/wp\/v2\/posts"}],"about":[{"href":"https:\/\/jornalhorizonte.com.br\/index.php?rest_route=\/wp\/v2\/types\/post"}],"author":[{"embeddable":true,"href":"https:\/\/jornalhorizonte.com.br\/index.php?rest_route=\/wp\/v2\/users\/4"}],"replies":[{"embeddable":true,"href":"https:\/\/jornalhorizonte.com.br\/index.php?rest_route=%2Fwp%2Fv2%2Fcomments&post=333"}],"version-history":[{"count":0,"href":"https:\/\/jornalhorizonte.com.br\/index.php?rest_route=\/wp\/v2\/posts\/333\/revisions"}],"wp:featuredmedia":[{"embeddable":true,"href":"https:\/\/jornalhorizonte.com.br\/index.php?rest_route=\/wp\/v2\/media\/334"}],"wp:attachment":[{"href":"https:\/\/jornalhorizonte.com.br\/index.php?rest_route=%2Fwp%2Fv2%2Fmedia&parent=333"}],"wp:term":[{"taxonomy":"category","embeddable":true,"href":"https:\/\/jornalhorizonte.com.br\/index.php?rest_route=%2Fwp%2Fv2%2Fcategories&post=333"},{"taxonomy":"post_tag","embeddable":true,"href":"https:\/\/jornalhorizonte.com.br\/index.php?rest_route=%2Fwp%2Fv2%2Ftags&post=333"}],"curies":[{"name":"wp","href":"https:\/\/api.w.org\/{rel}","templated":true}]}}