{"id":1921,"date":"2025-10-26T22:12:40","date_gmt":"2025-10-26T22:12:40","guid":{"rendered":"https:\/\/jornalhorizonte.com.br\/?p=1921"},"modified":"2025-10-26T22:12:41","modified_gmt":"2025-10-26T22:12:41","slug":"ifi-isencao-do-ir-no-senado-tem-efeito-fiscal-negativo-de-r-1-bi-por-ano","status":"publish","type":"post","link":"https:\/\/jornalhorizonte.com.br\/?p=1921","title":{"rendered":"IFI: Isen\u00e7\u00e3o do IR no Senado tem efeito fiscal negativo de R$ 1 bi por ano"},"content":{"rendered":"\n<p>Nos c\u00e1lculos da institui\u00e7\u00e3o, projeto original enviado pelo governo tinha super\u00e1vit fiscal de R$ 9 bilh\u00f5es por ano<\/p>\n\n\n\n<p>A IFI (Institui\u00e7\u00e3o Fiscal Independente) do Senado divulgou nesta quinta-feira (23) o RAF (Relat\u00f3rio de Acompanhamento Fiscal) de outubro de 2025, no qual calcula que o projeto que isenta de Imposto de Renda quem ganha at\u00e9 R$ 5 mil tem impacto fiscal negativo em&nbsp;<strong>R$ 1 bilh\u00e3o por ano<\/strong>&nbsp;&#8211; tal qual aprovado pelo plen\u00e1rio da C\u00e2mara dos Deputados.<\/p>\n\n\n\n<p>Nos c\u00e1lculos da IFI, o projeto original enviado pelo governo tinha um<strong>&nbsp;super\u00e1vit fiscal de R$ 9 bilh\u00f5es por ano.<\/strong>&nbsp;<a href=\"https:\/\/www.cnnbrasil.com.br\/economia\/macroeconomia\/isencao-do-ir-entenda-o-que-muda-se-a-camara-aprovar-medida\/\">J\u00e1 quando foi aprovado pela comiss\u00e3o especial,<\/a>&nbsp;esse valor havia ca\u00eddo para&nbsp;<strong>R$ 4,3 bilh\u00f5es<\/strong>&nbsp;com &#8220;a exclus\u00e3o de novas fontes da base do imposto m\u00ednimo reduziram o potencial de compensa\u00e7\u00e3o&#8221;.<\/p>\n\n\n\n<p>No plen\u00e1rio, o relat\u00f3rio atribui \u00e0 inclus\u00e3o &#8220;da parcela isenta da atividade rural entre as exclus\u00f5es do imposto m\u00ednimo&#8221; gerando um impacto fiscal negativo de<strong>\u00a0R$ 1 bilh\u00e3o<\/strong>\u00a0por ano.<\/p>\n\n\n\n<p>&#8220;De forma agregada, as estimativas sugerem que o conjunto de medidas do IRPF &#8211; no projeto original e na vers\u00e3o aprovada pela C\u00e2mara &#8211; tendem \u00e0 neutralidade fiscal, condicionada \u00e0 efetiva arrecada\u00e7\u00e3o das medidas compensat\u00f3rias e ressalvando-se a elevada sensibilidade dos resultados \u00e0s premissas comportamentais adotadas&#8221;, diz o relat\u00f3rio.<\/p>\n\n\n\n<p>A Conorf (Consultoria de Or\u00e7amento do Senado Federal) reduziu de R$ 16,2 bilh\u00f5es para&nbsp;<strong>R$ 12,3 bilh\u00f5es<\/strong>&nbsp;a estimativa de&nbsp;<strong>d\u00e9ficit em tr\u00eas anos<\/strong>&nbsp;com o projeto de isen\u00e7\u00e3o do IR (Imposto de Renda) aprovado na C\u00e2mara dos Deputados.<\/p>\n\n\n\n<p>A conta foi refeita ap\u00f3s reuni\u00e3o com integrantes da equipe econ\u00f4mica, na \u00faltima semana, conforme mostrou o\u00a0<em>Broadcast<\/em>, sistema de not\u00edcias em tempo real do Grupo Estado.<\/p>\n\n\n\n<p><\/p>\n","protected":false},"excerpt":{"rendered":"<p>Nos c\u00e1lculos da institui\u00e7\u00e3o, projeto original enviado pelo governo tinha super\u00e1vit fiscal de R$ 9 bilh\u00f5es por ano A IFI (Institui\u00e7\u00e3o Fiscal Independente) do Senado divulgou nesta quinta-feira (23) o RAF (Relat\u00f3rio de Acompanhamento Fiscal) de outubro de 2025, no qual calcula que o projeto que isenta de Imposto de Renda quem ganha at\u00e9 R$ [&hellip;]<\/p>\n","protected":false},"author":4,"featured_media":1922,"comment_status":"open","ping_status":"open","sticky":false,"template":"","format":"standard","meta":{"footnotes":""},"categories":[19],"tags":[],"_links":{"self":[{"href":"https:\/\/jornalhorizonte.com.br\/index.php?rest_route=\/wp\/v2\/posts\/1921"}],"collection":[{"href":"https:\/\/jornalhorizonte.com.br\/index.php?rest_route=\/wp\/v2\/posts"}],"about":[{"href":"https:\/\/jornalhorizonte.com.br\/index.php?rest_route=\/wp\/v2\/types\/post"}],"author":[{"embeddable":true,"href":"https:\/\/jornalhorizonte.com.br\/index.php?rest_route=\/wp\/v2\/users\/4"}],"replies":[{"embeddable":true,"href":"https:\/\/jornalhorizonte.com.br\/index.php?rest_route=%2Fwp%2Fv2%2Fcomments&post=1921"}],"version-history":[{"count":1,"href":"https:\/\/jornalhorizonte.com.br\/index.php?rest_route=\/wp\/v2\/posts\/1921\/revisions"}],"predecessor-version":[{"id":1923,"href":"https:\/\/jornalhorizonte.com.br\/index.php?rest_route=\/wp\/v2\/posts\/1921\/revisions\/1923"}],"wp:featuredmedia":[{"embeddable":true,"href":"https:\/\/jornalhorizonte.com.br\/index.php?rest_route=\/wp\/v2\/media\/1922"}],"wp:attachment":[{"href":"https:\/\/jornalhorizonte.com.br\/index.php?rest_route=%2Fwp%2Fv2%2Fmedia&parent=1921"}],"wp:term":[{"taxonomy":"category","embeddable":true,"href":"https:\/\/jornalhorizonte.com.br\/index.php?rest_route=%2Fwp%2Fv2%2Fcategories&post=1921"},{"taxonomy":"post_tag","embeddable":true,"href":"https:\/\/jornalhorizonte.com.br\/index.php?rest_route=%2Fwp%2Fv2%2Ftags&post=1921"}],"curies":[{"name":"wp","href":"https:\/\/api.w.org\/{rel}","templated":true}]}}