{"id":1915,"date":"2025-10-26T22:08:03","date_gmt":"2025-10-26T22:08:03","guid":{"rendered":"https:\/\/jornalhorizonte.com.br\/?p=1915"},"modified":"2025-10-26T22:08:05","modified_gmt":"2025-10-26T22:08:05","slug":"associacoes-celebram-encontro-lula-trump-e-esperam-resultados-concretos","status":"publish","type":"post","link":"https:\/\/jornalhorizonte.com.br\/?p=1915","title":{"rendered":"Associa\u00e7\u00f5es celebram encontro Lula-Trump e esperam \u201cresultados concretos\u201d"},"content":{"rendered":"\n<p>Entidades como Cecaf\u00e9, CNI e Amcham esperam redu\u00e7\u00e3o de tarifas e fortalecimento das exporta\u00e7\u00f5es<\/p>\n\n\n\n<p>Associa\u00e7\u00f5es produtivas brasileiras avaliam de forma positiva o encontro entre os presidentes do&nbsp;<strong>Brasil<\/strong>, Luiz In\u00e1cio Lula da Silva, e dos&nbsp;<strong>Estados Unidos<\/strong>, Donald Trump, realizado neste domingo (26), na Mal\u00e1sia. As entidades tamb\u00e9m esperam que a reuni\u00e3o entre os chefes de Estado avance para \u201cresultados concretos\u201d.<\/p>\n\n\n\n<p>\u00c9 o caso do&nbsp;<strong>Cecaf\u00e9<\/strong>&nbsp;(Conselho dos Exportadores de Caf\u00e9 do Brasil). O grupo celebra o di\u00e1logo entre o&nbsp;<strong>Planalto<\/strong>&nbsp;e a&nbsp;<strong>Casa Branca<\/strong>, por\u00e9m, \u201co Cecaf\u00e9 aguarda resultados concretos para a isen\u00e7\u00e3o das tarifas atualmente aplicadas ao setor do caf\u00e9, o que contribuir\u00e1 para o recuo da atual press\u00e3o inflacion\u00e1ria sobre o produto no mercado dos&nbsp;<strong>EUA<\/strong>&nbsp;e para o fortalecimento da&nbsp;<strong>sustentabilidade<\/strong>&nbsp;de toda a cadeia produtiva brasileira\u201d. O posicionamento foi divulgado por meio de nota \u00e0 imprensa.<\/p>\n\n\n\n<p>Em paralelo, a\u00a0<strong>CNI<\/strong>\u00a0(Confedera\u00e7\u00e3o Nacional da Ind\u00fastria) avalia o encontro como positivo e afirma que a conversa entre Lula e Trump \u201crepresenta um avan\u00e7o concreto nas tratativas bilaterais\u201d.<\/p>\n\n\n\n<p>Em nota, o presidente da CNI, Ricardo Alban, afirma que haver\u00e1 uma solu\u00e7\u00e3o definitiva para o impasse comercial. A resolu\u00e7\u00e3o trar\u00e1 previsibilidade e competitividade \u00e0s exporta\u00e7\u00f5es brasileiras, avalia Alban.<\/p>\n\n\n\n<p>\u201c\u00c9 natural que os Estados Unidos busquem proteger suas&nbsp;<strong>cadeias produtivas<\/strong>. O que defendemos \u00e9 um processo racional, transparente e baseado em dados, que permita avan\u00e7ar de forma construtiva\u201d, acrescenta o presidente da CNI.<\/p>\n\n\n\n<p>A\u00a0<strong>Amcham<\/strong>\u00a0Brasil (C\u00e2mara Americana de Com\u00e9rcio para o Brasil) est\u00e1 otimista com o encontro entre Lula e Trump. A entidade avalia que a reuni\u00e3o representa um avan\u00e7o relevante no di\u00e1logo entre os dois governos e fortalece a perspectiva de um acordo bilateral. Por\u00e9m, \u00e9 necess\u00e1rio avan\u00e7ar nos trabalhos.<\/p>\n\n\n\n<p>\u201cRefor\u00e7amos a import\u00e2ncia de que a intensifica\u00e7\u00e3o das negocia\u00e7\u00f5es, com novas rodadas previstas a partir de hoje, leve a um entendimento em curto prazo, com foco na amplia\u00e7\u00e3o de oportunidades de com\u00e9rcio e investimentos entre as duas maiores economias das Am\u00e9ricas\u201d, afirma Abr\u00e3o Neto, presidente da Amcham Brasil.<\/p>\n\n\n\n<p>Tamb\u00e9m por nota, a&nbsp;<strong>ABIEC<\/strong>&nbsp;(Associa\u00e7\u00e3o Brasileira das Ind\u00fastrias Exportadoras de Carnes) avalia de forma positiva a reuni\u00e3o entre os presidentes Luiz In\u00e1cio Lula da Silva e Donald Trump.<\/p>\n\n\n\n<p>Na avalia\u00e7\u00e3o da entidade, o encontro refor\u00e7a a import\u00e2ncia do di\u00e1logo para o fortalecimento das rela\u00e7\u00f5es comerciais entre Brasil e Estados Unidos e demonstra a disposi\u00e7\u00e3o de ambos os governos em avan\u00e7ar nas discuss\u00f5es sobre as tarifas atualmente em vigor.<\/p>\n\n\n\n<p><\/p>\n","protected":false},"excerpt":{"rendered":"<p>Entidades como Cecaf\u00e9, CNI e Amcham esperam redu\u00e7\u00e3o de tarifas e fortalecimento das exporta\u00e7\u00f5es Associa\u00e7\u00f5es produtivas brasileiras avaliam de forma positiva o encontro entre os presidentes do&nbsp;Brasil, Luiz In\u00e1cio Lula da Silva, e dos&nbsp;Estados Unidos, Donald Trump, realizado neste domingo (26), na Mal\u00e1sia. As entidades tamb\u00e9m esperam que a reuni\u00e3o entre os chefes de Estado [&hellip;]<\/p>\n","protected":false},"author":4,"featured_media":1916,"comment_status":"open","ping_status":"open","sticky":false,"template":"","format":"standard","meta":{"footnotes":""},"categories":[19],"tags":[],"_links":{"self":[{"href":"https:\/\/jornalhorizonte.com.br\/index.php?rest_route=\/wp\/v2\/posts\/1915"}],"collection":[{"href":"https:\/\/jornalhorizonte.com.br\/index.php?rest_route=\/wp\/v2\/posts"}],"about":[{"href":"https:\/\/jornalhorizonte.com.br\/index.php?rest_route=\/wp\/v2\/types\/post"}],"author":[{"embeddable":true,"href":"https:\/\/jornalhorizonte.com.br\/index.php?rest_route=\/wp\/v2\/users\/4"}],"replies":[{"embeddable":true,"href":"https:\/\/jornalhorizonte.com.br\/index.php?rest_route=%2Fwp%2Fv2%2Fcomments&post=1915"}],"version-history":[{"count":1,"href":"https:\/\/jornalhorizonte.com.br\/index.php?rest_route=\/wp\/v2\/posts\/1915\/revisions"}],"predecessor-version":[{"id":1917,"href":"https:\/\/jornalhorizonte.com.br\/index.php?rest_route=\/wp\/v2\/posts\/1915\/revisions\/1917"}],"wp:featuredmedia":[{"embeddable":true,"href":"https:\/\/jornalhorizonte.com.br\/index.php?rest_route=\/wp\/v2\/media\/1916"}],"wp:attachment":[{"href":"https:\/\/jornalhorizonte.com.br\/index.php?rest_route=%2Fwp%2Fv2%2Fmedia&parent=1915"}],"wp:term":[{"taxonomy":"category","embeddable":true,"href":"https:\/\/jornalhorizonte.com.br\/index.php?rest_route=%2Fwp%2Fv2%2Fcategories&post=1915"},{"taxonomy":"post_tag","embeddable":true,"href":"https:\/\/jornalhorizonte.com.br\/index.php?rest_route=%2Fwp%2Fv2%2Ftags&post=1915"}],"curies":[{"name":"wp","href":"https:\/\/api.w.org\/{rel}","templated":true}]}}