{"id":1887,"date":"2025-09-14T13:02:39","date_gmt":"2025-09-14T13:02:39","guid":{"rendered":"https:\/\/jornalhorizonte.com.br\/?p=1887"},"modified":"2025-09-14T13:02:40","modified_gmt":"2025-09-14T13:02:40","slug":"israel-intensifica-bombardeios-em-gaza-em-meio-a-visita-de-rubio","status":"publish","type":"post","link":"https:\/\/jornalhorizonte.com.br\/?p=1887","title":{"rendered":"Israel intensifica bombardeios em Gaza em meio \u00e0 visita de Rubio"},"content":{"rendered":"\n<p>Foco da ofensiva est\u00e1 na Cidade de Gaza com o objetivo de eliminar o Hamas, segundo os israelenses<\/p>\n\n\n\n<p>As for\u00e7as israelenses destru\u00edram pelo menos 30 edif\u00edcios residenciais na cidade de Gaza e for\u00e7aram milhares de pessoas a sa\u00edrem de suas casas, disseram autoridades palestinas. O secret\u00e1rio de Estado dos EUA, Marco Rubio, chegou neste domingo (14) para discutir o futuro do conflito.<\/p>\n\n\n\n<p>Israel disse que planeja tomar a cidade, onde cerca de um milh\u00e3o de palestinos t\u00eam se abrigado, como parte de seu objetivo declarado de eliminar o Hamas, e intensificou os ataques no que chamou de \u00faltimo basti\u00e3o do Hamas.<\/p>\n\n\n\n<p>A lideran\u00e7a pol\u00edtica do grupo, que se envolveu em negocia\u00e7\u00f5es sobre um poss\u00edvel acordo de cessar-fogo e liberta\u00e7\u00e3o de ref\u00e9ns, foi alvo de um&nbsp;<a href=\"https:\/\/www.cnnbrasil.com.br\/internacional\/catar-classifica-ataque-de-israel-como-terrorismo-de-estado\/\">ataque a\u00e9reo israelense em Doha<\/a>&nbsp;na ter\u00e7a-feira (9) em uma a\u00e7\u00e3o que rendeu cr\u00edticas internacionais.<\/p>\n\n\n\n<p>O Catar sediar\u00e1 uma c\u00fapula \u00e1rabe-isl\u00e2mica de emerg\u00eancia na segunda-feira (15) para discutir os pr\u00f3ximos passos.<\/p>\n\n\n\n<p>Rubio disse que Washington queria falar sobre como&nbsp;<a href=\"https:\/\/www.cnnbrasil.com.br\/internacional\/premie-do-catar-diz-que-netanyahu-matou-esperanca-para-refens-israelenses\/\">libertar os 48 ref\u00e9ns<\/a>&nbsp;&#8211; dos quais se acredita que 20 ainda est\u00e3o vivos &#8211; ainda mantidos pelo Hamas em Gaza e reconstruir a faixa costeira.<\/p>\n\n\n\n<p>&#8220;O que aconteceu, aconteceu,&#8221; disse ele. &#8220;Vamos nos encontrar com eles (a lideran\u00e7a israelense). Vamos falar sobre o que o futuro reserva&#8221;, disse Rubio antes de ir para Israel onde ficar\u00e1 at\u00e9 ter\u00e7a-feira (9).<\/p>\n\n\n\n<h2 class=\"wp-block-heading\">Acordos em risco<\/h2>\n\n\n\n<p>Autoridades dos EUA descreveram o ataque de ter\u00e7a-feira (9) no territ\u00f3rio de um aliado pr\u00f3ximo dos EUA como uma escalada unilateral que n\u00e3o atendia aos interesses americanos ou israelenses.<\/p>\n\n\n\n<p>Rubio e o presidente dos EUA, Donald Trump, encontraram-se com o<a href=\"https:\/\/www.cnnbrasil.com.br\/internacional\/netanyahu-deve-ser-levado-a-justica-diz-primeiro-ministro-do-catar-a-cnn\/\">&nbsp;primeiro-ministro do Catar, Mohammed bin Abdulrahman Al-Thani, n<\/a>a sexta-feira (12).<\/p>\n\n\n\n<p>Netanyahu assinou um acordo na quinta-feira (11) para avan\u00e7ar com um plano de expans\u00e3o dos assentamentos que cortaria as terras da Cisjord\u00e2nia que os palestinos buscam para um estado &#8211; uma medida que os Emirados \u00c1rabes Unidos alertaram que minaria os&nbsp;<a href=\"https:\/\/www.cnnbrasil.com.br\/internacional\/perda-de-forca-do-ira-ajuda-a-retomar-acordos-de-abraao-diz-pfeifer\/\">acordos de Abra\u00e3o<\/a>, negociados pelos EUA, que normalizaram as rela\u00e7\u00f5es entre os Emirados \u00c1rabes e Israel.<\/p>\n\n\n\n<p>As ag\u00eancias de ajuda dizem que uma tomada israelense da cidade de Gaza seria catastr\u00f3fica para uma popula\u00e7\u00e3o j\u00e1 enfrentando a desnutri\u00e7\u00e3o generalizada.<\/p>\n\n\n\n<p>Mais dois palestinos morreram de desnutri\u00e7\u00e3o e&nbsp;<a href=\"https:\/\/www.cnnbrasil.com.br\/internacional\/comida-de-ajuda-humanitaria-apodrece-na-entrada-de-gaza-que-sofre-com-fome\/\">fome em Gaza<\/a>&nbsp;nas \u00faltimas 24 horas, informou o minist\u00e9rio da sa\u00fade do territ\u00f3rio neste domingo (14), elevando a mortalidade por essas causas para pelo menos 422 pessoas, incluindo 145 crian\u00e7as.<\/p>\n\n\n\n<p>Israel, que impediu todos os alimentos de entrar em Gaza por 11 semanas no in\u00edcio deste ano, tem permitido mais ajuda no enclave desde o final de julho para evitar mais escassez de alimentos, embora as Na\u00e7\u00f5es Unidas digam que muito mais \u00e9 necess\u00e1rio.<\/p>\n\n\n\n<p>Tel Aviv quer que os civis deixem a cidade de Gaza antes de enviar mais for\u00e7as terrestres. Estima-se que dezenas de milhares de pessoas tenham partido, mas centenas de milhares permanecem na \u00e1rea. O Hamas pediu \u00e0s pessoas para n\u00e3o sa\u00edrem.<\/p>\n\n\n\n<p>As for\u00e7as do ex\u00e9rcito israelense est\u00e3o operando dentro de pelo menos quatro sub\u00farbios orientais h\u00e1 semanas, transformando a maioria deles, pelo menos tr\u00eas deles, em terrenos baldios.<\/p>\n\n\n\n<p>Os ataques se aproximam das \u00e1reas ocidentais do territ\u00f3rio, onde a maioria dos deslocados est\u00e1 abrigado.<\/p>\n\n\n\n<p>Muitos est\u00e3o relutantes em sair, dizendo que n\u00e3o h\u00e1 espa\u00e7o ou seguran\u00e7a suficiente no sul, onde Israel lhes disse para irem para o que designou como uma zona humanit\u00e1ria.<\/p>\n\n\n\n<p>Alguns dizem que n\u00e3o podem dar-se ao luxo de sair, enquanto outros dizem que esperavam que a reuni\u00e3o dos l\u00edderes \u00e1rabes na segunda-feira (15) no Catar pressionasse Israel para abandonar sua ofensiva planejada.<\/p>\n\n\n\n<p>&#8220;O bombardeio se intensificou em todos os lugares e tiramos as tendas, mais de vinte fam\u00edlias, n\u00e3o sabemos para onde ir&#8221;, disse Musbah Al-Kafarna, deslocado na cidade de Gaza.<\/p>\n\n\n\n<p>Israel disse que completou cinco ondas de ataques a\u00e9reos sobre a cidade de Gaza na semana passada, visando mais de 500 locais, incluindo locais de reconhecimento do Hamas e de franco-atiradores, edif\u00edcios com aberturas de t\u00faneis e dep\u00f3sitos de armas.<\/p>\n\n\n\n<p>Autoridades locais, que n\u00e3o fazem distin\u00e7\u00e3o entre v\u00edtimas militantes e civis, dizem que pelo menos 40 pessoas foram mortas pelo fogo israelense em todo o enclave, sendo pelo menos 28 na cidade de Gaza.<\/p>\n\n\n\n<p>O Hamas disse que as for\u00e7as israelenses destru\u00edram pelo menos 1.600 edif\u00edcios residenciais e 13.000 tendas desde 11 de agosto.<\/p>\n\n\n\n<p>A campanha israelense de quase dois anos contra o Hamas j\u00e1 matou mais de 64 mil pessoas em Gaza, segundo autoridades locais. A guerra motivada pelo ataque do Hamas em 7 de outubro de 2023, que matou 1.200 pessoas e o sequestro de 251 ref\u00e9ns, de acordo com figuras israelenses.<\/p>\n","protected":false},"excerpt":{"rendered":"<p>Foco da ofensiva est\u00e1 na Cidade de Gaza com o objetivo de eliminar o Hamas, segundo os israelenses As for\u00e7as israelenses destru\u00edram pelo menos 30 edif\u00edcios residenciais na cidade de Gaza e for\u00e7aram milhares de pessoas a sa\u00edrem de suas casas, disseram autoridades palestinas. O secret\u00e1rio de Estado dos EUA, Marco Rubio, chegou neste domingo [&hellip;]<\/p>\n","protected":false},"author":4,"featured_media":1888,"comment_status":"open","ping_status":"open","sticky":false,"template":"","format":"standard","meta":{"footnotes":""},"categories":[1],"tags":[],"_links":{"self":[{"href":"https:\/\/jornalhorizonte.com.br\/index.php?rest_route=\/wp\/v2\/posts\/1887"}],"collection":[{"href":"https:\/\/jornalhorizonte.com.br\/index.php?rest_route=\/wp\/v2\/posts"}],"about":[{"href":"https:\/\/jornalhorizonte.com.br\/index.php?rest_route=\/wp\/v2\/types\/post"}],"author":[{"embeddable":true,"href":"https:\/\/jornalhorizonte.com.br\/index.php?rest_route=\/wp\/v2\/users\/4"}],"replies":[{"embeddable":true,"href":"https:\/\/jornalhorizonte.com.br\/index.php?rest_route=%2Fwp%2Fv2%2Fcomments&post=1887"}],"version-history":[{"count":1,"href":"https:\/\/jornalhorizonte.com.br\/index.php?rest_route=\/wp\/v2\/posts\/1887\/revisions"}],"predecessor-version":[{"id":1889,"href":"https:\/\/jornalhorizonte.com.br\/index.php?rest_route=\/wp\/v2\/posts\/1887\/revisions\/1889"}],"wp:featuredmedia":[{"embeddable":true,"href":"https:\/\/jornalhorizonte.com.br\/index.php?rest_route=\/wp\/v2\/media\/1888"}],"wp:attachment":[{"href":"https:\/\/jornalhorizonte.com.br\/index.php?rest_route=%2Fwp%2Fv2%2Fmedia&parent=1887"}],"wp:term":[{"taxonomy":"category","embeddable":true,"href":"https:\/\/jornalhorizonte.com.br\/index.php?rest_route=%2Fwp%2Fv2%2Fcategories&post=1887"},{"taxonomy":"post_tag","embeddable":true,"href":"https:\/\/jornalhorizonte.com.br\/index.php?rest_route=%2Fwp%2Fv2%2Ftags&post=1887"}],"curies":[{"name":"wp","href":"https:\/\/api.w.org\/{rel}","templated":true}]}}