{"id":1884,"date":"2025-09-14T12:42:26","date_gmt":"2025-09-14T12:42:26","guid":{"rendered":"https:\/\/jornalhorizonte.com.br\/?p=1884"},"modified":"2025-09-14T12:42:28","modified_gmt":"2025-09-14T12:42:28","slug":"datafolha-54-rejeitam-anistia-a-bolsonaro-aprovacao-e-de-39","status":"publish","type":"post","link":"https:\/\/jornalhorizonte.com.br\/?p=1884","title":{"rendered":"Datafolha: 54% rejeitam anistia a Bolsonaro; aprova\u00e7\u00e3o \u00e9 de 39%"},"content":{"rendered":"\n<p>Pesquisa considerou 2.005 entrevistas realizadas em 113 munic\u00edpios do pa\u00eds; margem de erro \u00e9 de dois pontos percentuais para mais ou para menos<\/p>\n\n\n\n<p>A anistia ao ex-presidente&nbsp;<strong>Jair Bolsonaro (PL)<\/strong>, preso em regime domiciliar e condenado pelo STF (Supremo Tribunal Federal) a 27 anos e tr\u00eas meses de pris\u00e3o por tentativa de golpe de estado e outros quatro crimes, \u00e9 rejeitada pela maior parte da popula\u00e7\u00e3o.<\/p>\n\n\n\n<p>De acordo com uma pesquisa Datafolha divulgada neste s\u00e1bado (13),&nbsp;<strong>54% dos brasileiros rejeitam a ideia<\/strong>&nbsp;de o Congresso Nacional aprovar um projeto para livrar o ex-presidente.<\/p>\n\n\n\n<p><strong>Aqueles que defendem o perd\u00e3o a Bolsonaro s\u00e3o 39%<\/strong>. Al\u00e9m disso,\u00a0<strong>2% se disseram indiferentes<\/strong>\u00a0ao assunto e\u00a0<strong>4% n\u00e3o souberam opinar<\/strong>.<\/p>\n\n\n\n<p>A pesquisa considerou 2.005 entrevistas feitas em 113 munic\u00edpios diferentes. A margem de erro \u00e9 de dois pontos percentuais para mais ou para menos.<\/p>\n\n\n\n<p>O ex-mandat\u00e1rio\u00a0<a href=\"https:\/\/www.cnnbrasil.com.br\/politica\/stf-pena-jair-bolsonaro\/\">foi condenado pela Suprema Corte na \u00faltima semana<\/a>. Al\u00e9m da pena determinada pelos ministros que integram a Primeira Turma, ele tamb\u00e9m precisar\u00e1\u00a0<strong>pagar uma multa de 124 dias<\/strong>, no valor de dois sal\u00e1rios m\u00ednimos por dia.<\/p>\n\n\n\n<p><a href=\"https:\/\/www.cnnbrasil.com.br\/politica\/penas-sao-excessivas-e-desproporcionais-diz-defesa-de-bolsonaro\/\">Para defini\u00e7\u00e3o da pena<\/a>, o ministro relator, Alexandre de Moraes,&nbsp;<strong>considerou como agravante a lideran\u00e7a de organiza\u00e7\u00e3o criminosa<\/strong>&nbsp;e&nbsp;<strong>como atenuante a idade avan\u00e7ada de Bolsonaro<\/strong>. Ele foi acompanhado por Fl\u00e1vio Dino, C\u00e1rmen L\u00facia e Cristiano Zanin. O ministro Luiz Fux tinha votado pela absolvi\u00e7\u00e3o do ex-presidente, por isso decidiu n\u00e3o participar da defini\u00e7\u00e3o da pena.<\/p>\n\n\n\n<h2 class=\"wp-block-heading\">8 de janeiro<\/h2>\n\n\n\n<p>O levantamento tamb\u00e9m mapeou o \u00edndice de aprova\u00e7\u00e3o ao\u00a0<a href=\"https:\/\/www.cnnbrasil.com.br\/politica\/projeto-de-anistia-governo-preve-disputa-voto-a-voto-no-senado\/\">projeto da anistia<\/a>\u00a0que prev\u00ea o perd\u00e3o a todos os envolvidos nos atos antidemocr\u00e1ticos de 8 de janeiro e vem gerando debate no Congresso Nacional.<\/p>\n\n\n\n<p>Neste caso,\u00a0<strong>61% se dizem contr\u00e1rios<\/strong>\u00a0a qualquer tipo de perd\u00e3o, enquanto\u00a0<strong>33% s\u00e3o a favor<\/strong>.<\/p>\n\n\n\n<p>Se comparado com meses anteriores, como julho, abril e dezembro,\u00a0<strong>houve um aumento no \u00edndice de rejei\u00e7\u00e3o<\/strong>\u00a0\u00e0 essa pauta.<\/p>\n\n\n\n<p><\/p>\n","protected":false},"excerpt":{"rendered":"<p>Pesquisa considerou 2.005 entrevistas realizadas em 113 munic\u00edpios do pa\u00eds; margem de erro \u00e9 de dois pontos percentuais para mais ou para menos A anistia ao ex-presidente&nbsp;Jair Bolsonaro (PL), preso em regime domiciliar e condenado pelo STF (Supremo Tribunal Federal) a 27 anos e tr\u00eas meses de pris\u00e3o por tentativa de golpe de estado e [&hellip;]<\/p>\n","protected":false},"author":4,"featured_media":1885,"comment_status":"open","ping_status":"open","sticky":false,"template":"","format":"standard","meta":{"footnotes":""},"categories":[20],"tags":[],"_links":{"self":[{"href":"https:\/\/jornalhorizonte.com.br\/index.php?rest_route=\/wp\/v2\/posts\/1884"}],"collection":[{"href":"https:\/\/jornalhorizonte.com.br\/index.php?rest_route=\/wp\/v2\/posts"}],"about":[{"href":"https:\/\/jornalhorizonte.com.br\/index.php?rest_route=\/wp\/v2\/types\/post"}],"author":[{"embeddable":true,"href":"https:\/\/jornalhorizonte.com.br\/index.php?rest_route=\/wp\/v2\/users\/4"}],"replies":[{"embeddable":true,"href":"https:\/\/jornalhorizonte.com.br\/index.php?rest_route=%2Fwp%2Fv2%2Fcomments&post=1884"}],"version-history":[{"count":1,"href":"https:\/\/jornalhorizonte.com.br\/index.php?rest_route=\/wp\/v2\/posts\/1884\/revisions"}],"predecessor-version":[{"id":1886,"href":"https:\/\/jornalhorizonte.com.br\/index.php?rest_route=\/wp\/v2\/posts\/1884\/revisions\/1886"}],"wp:featuredmedia":[{"embeddable":true,"href":"https:\/\/jornalhorizonte.com.br\/index.php?rest_route=\/wp\/v2\/media\/1885"}],"wp:attachment":[{"href":"https:\/\/jornalhorizonte.com.br\/index.php?rest_route=%2Fwp%2Fv2%2Fmedia&parent=1884"}],"wp:term":[{"taxonomy":"category","embeddable":true,"href":"https:\/\/jornalhorizonte.com.br\/index.php?rest_route=%2Fwp%2Fv2%2Fcategories&post=1884"},{"taxonomy":"post_tag","embeddable":true,"href":"https:\/\/jornalhorizonte.com.br\/index.php?rest_route=%2Fwp%2Fv2%2Ftags&post=1884"}],"curies":[{"name":"wp","href":"https:\/\/api.w.org\/{rel}","templated":true}]}}