{"id":1881,"date":"2025-09-09T13:00:07","date_gmt":"2025-09-09T13:00:07","guid":{"rendered":"https:\/\/jornalhorizonte.com.br\/?p=1881"},"modified":"2025-09-09T13:00:10","modified_gmt":"2025-09-09T13:00:10","slug":"lancamento-do-apple-iphone-17-como-assistir-ao-evento-especial-de-hoje","status":"publish","type":"post","link":"https:\/\/jornalhorizonte.com.br\/?p=1881","title":{"rendered":"Lan\u00e7amento do Apple iPhone 17: Como Assistir Ao Evento Especial de hoje"},"content":{"rendered":"\n<p>A Apple est\u00e1 prestes a revelar sua nova gera\u00e7\u00e3o de smartphones em um dos eventos mais aguardados do ano. Com o lema \u201cQueixos v\u00e3o cair\u201d, o evento especial de lan\u00e7amento do iPhone 17 acontece nesta ter\u00e7a-feira, 9 de setembro, diretamente do Apple Park, na Calif\u00f3rnia, e ser\u00e1 transmitido ao vivo para o mundo inteiro. A apresenta\u00e7\u00e3o come\u00e7a \u00e0s 14h (hor\u00e1rio de Bras\u00edlia) e promete trazer n\u00e3o apenas os novos modelos da linha iPhone, mas tamb\u00e9m atualiza\u00e7\u00f5es importantes em outros produtos da marca, como o Apple Watch Series 11, AirPods Pro 3 e o Vision Pro com recursos de intelig\u00eancia artificial embarcada.<\/p>\n\n\n\n<p>Onde assistir ao evento<br>A transmiss\u00e3o ser\u00e1 feita pelos canais oficiais da Apple, com diversas op\u00e7\u00f5es para o p\u00fablico acompanhar:<\/p>\n\n\n\n<p>YouTube da Apple<br>A forma mais pr\u00e1tica e acess\u00edvel, dispon\u00edvel em qualquer dispositivo com acesso \u00e0 internet. Site oficial da Apple \u2013 Basta acessar pelo navegador Safari em dispositivos compat\u00edveis. App Apple TV \u2013 Dispon\u00edvel em iPhones, iPads, Macs e smart TVs com suporte a AirPlay. Para quem deseja acompanhar em tempo real, \u00e9 recomend\u00e1vel estar conectado alguns minutos antes do in\u00edcio, j\u00e1 que a apresenta\u00e7\u00e3o costuma durar entre 1h30 e 2h e traz uma enxurrada de novidades em ritmo acelerado4.<\/p>\n\n\n\n<p>O que esperar do iPhone 17?<\/p>\n\n\n\n<p>Segundo informa\u00e7\u00f5es antecipadas pela Bloomberg e Forbes, a Apple deve apresentar quatro modelos: iPhone 17, iPhone 17 Pro, iPhone 17 Pro Max e o in\u00e9dito iPhone 17 Air \u2014 este \u00faltimo, o mais fino j\u00e1 criado pela marca, com apenas 5,5 mm de espessura2. Os novos aparelhos vir\u00e3o com melhorias significativas em desempenho, c\u00e2meras, bateria e design. A tecnologia ProMotion, antes exclusiva dos modelos Pro, ser\u00e1 incorporada tamb\u00e9m ao iPhone 17 e 17 Air, oferecendo uma experi\u00eancia de tela mais fluida. Al\u00e9m disso, os modelos Pro ter\u00e3o um novo corpo em alum\u00ednio, mais leve e eficiente na dissipa\u00e7\u00e3o de calor, e contar\u00e3o com o chip A19 Pro. J\u00e1 o iPhone 17 e o 17 Air vir\u00e3o com o chip A19 padr\u00e3o. A c\u00e2mera teleobjetiva ser\u00e1 atualizada para 48 megapixels, e a c\u00e2mera frontal receber\u00e1 a maior reformula\u00e7\u00e3o desde o lan\u00e7amento do Face ID.<\/p>\n\n\n\n<p>Ap\u00f3s o evento, a pr\u00e9-venda internacional deve come\u00e7ar em 12 de setembro, com os primeiros aparelhos chegando \u00e0s lojas no dia 19. No Brasil, a pr\u00e9-venda est\u00e1 prevista para iniciar em 23 de setembro, com vendas a partir do dia 26, segundo fontes do setor. Com expectativa de bater recordes de vendas e consolidar ainda mais sua lideran\u00e7a em inova\u00e7\u00e3o, a Apple aposta em uma nova linguagem visual, recursos de IA embarcada e uma experi\u00eancia de usu\u00e1rio cada vez mais personalizada com o iOS 26, que tamb\u00e9m ser\u00e1 liberado para download em breve. Prepare seu dispositivo, ajuste o alarme e conecte-se: o futuro da Apple ser\u00e1 revelado nesta ter\u00e7a-feira.<\/p>\n\n\n\n<figure class=\"wp-block-embed is-type-video is-provider-youtube wp-block-embed-youtube wp-embed-aspect-16-9 wp-has-aspect-ratio\"><div class=\"wp-block-embed__wrapper\">\n<div class=\"youtube-embed\" data-video_id=\"H3KnMyojEQU\"><iframe loading=\"lazy\" title=\"Apple Event \u2014 September 9\" width=\"696\" height=\"392\" src=\"https:\/\/www.youtube.com\/embed\/H3KnMyojEQU?feature=oembed&#038;enablejsapi=1\" frameborder=\"0\" allow=\"accelerometer; autoplay; clipboard-write; encrypted-media; gyroscope; picture-in-picture; web-share\" referrerpolicy=\"strict-origin-when-cross-origin\" allowfullscreen><\/iframe><\/div>\n<\/div><\/figure>\n","protected":false},"excerpt":{"rendered":"<p>A Apple est\u00e1 prestes a revelar sua nova gera\u00e7\u00e3o de smartphones em um dos eventos mais aguardados do ano. Com o lema \u201cQueixos v\u00e3o cair\u201d, o evento especial de lan\u00e7amento do iPhone 17 acontece nesta ter\u00e7a-feira, 9 de setembro, diretamente do Apple Park, na Calif\u00f3rnia, e ser\u00e1 transmitido ao vivo para o mundo inteiro. A [&hellip;]<\/p>\n","protected":false},"author":1,"featured_media":1882,"comment_status":"open","ping_status":"open","sticky":false,"template":"","format":"standard","meta":{"footnotes":""},"categories":[1],"tags":[],"_links":{"self":[{"href":"https:\/\/jornalhorizonte.com.br\/index.php?rest_route=\/wp\/v2\/posts\/1881"}],"collection":[{"href":"https:\/\/jornalhorizonte.com.br\/index.php?rest_route=\/wp\/v2\/posts"}],"about":[{"href":"https:\/\/jornalhorizonte.com.br\/index.php?rest_route=\/wp\/v2\/types\/post"}],"author":[{"embeddable":true,"href":"https:\/\/jornalhorizonte.com.br\/index.php?rest_route=\/wp\/v2\/users\/1"}],"replies":[{"embeddable":true,"href":"https:\/\/jornalhorizonte.com.br\/index.php?rest_route=%2Fwp%2Fv2%2Fcomments&post=1881"}],"version-history":[{"count":1,"href":"https:\/\/jornalhorizonte.com.br\/index.php?rest_route=\/wp\/v2\/posts\/1881\/revisions"}],"predecessor-version":[{"id":1883,"href":"https:\/\/jornalhorizonte.com.br\/index.php?rest_route=\/wp\/v2\/posts\/1881\/revisions\/1883"}],"wp:featuredmedia":[{"embeddable":true,"href":"https:\/\/jornalhorizonte.com.br\/index.php?rest_route=\/wp\/v2\/media\/1882"}],"wp:attachment":[{"href":"https:\/\/jornalhorizonte.com.br\/index.php?rest_route=%2Fwp%2Fv2%2Fmedia&parent=1881"}],"wp:term":[{"taxonomy":"category","embeddable":true,"href":"https:\/\/jornalhorizonte.com.br\/index.php?rest_route=%2Fwp%2Fv2%2Fcategories&post=1881"},{"taxonomy":"post_tag","embeddable":true,"href":"https:\/\/jornalhorizonte.com.br\/index.php?rest_route=%2Fwp%2Fv2%2Ftags&post=1881"}],"curies":[{"name":"wp","href":"https:\/\/api.w.org\/{rel}","templated":true}]}}