{"id":1850,"date":"2025-08-17T22:13:45","date_gmt":"2025-08-17T22:13:45","guid":{"rendered":"https:\/\/jornalhorizonte.com.br\/?p=1850"},"modified":"2025-08-17T22:13:47","modified_gmt":"2025-08-17T22:13:47","slug":"juiza-nega-indenizar-gleisi-e-lindbergh-por-post-de-gayer-sobre-trisal","status":"publish","type":"post","link":"https:\/\/jornalhorizonte.com.br\/?p=1850","title":{"rendered":"Ju\u00edza nega indenizar Gleisi e Lindbergh por post de Gayer sobre &#8220;trisal&#8221;"},"content":{"rendered":"\n<p>Ministra e o l\u00edder do PT na C\u00e2mara pediam uma indeniza\u00e7\u00e3o de R$ 60 mil por declara\u00e7\u00e3o feita pelo deputado bolsonarista nas redes sociais<\/p>\n\n\n\n<p>A ju\u00edza Thais Ara\u00fajo Correia, da 17\u00aa Vara C\u00edvel de Bras\u00edlia, negou uma a\u00e7\u00e3o em que a ministra das Rela\u00e7\u00f5es Institucionais, Gleisi Hoffman, e o l\u00edder do PT na C\u00e2mara dos Deputados, Lindbergh Farias, pediam uma indeniza\u00e7\u00e3o de R$ 60 mil por declara\u00e7\u00e3o feita pelo deputado Gustavo Gayer (PL-GO) nas redes sociais. No post, o&nbsp;<a href=\"https:\/\/www.cnnbrasil.com.br\/politica\/gayer-diz-que-fala-sobre-gleisi-buscava-denunciar-hipocrisia-da-esquerda\/\">bolsonarista sugeria a forma\u00e7\u00e3o de um &#8220;trisal&#8221; entre Gleisi, seu namorado Lindbergh, e o presidente do Senado, Davi Alcolumbre<\/a>&nbsp;(Uni\u00e3o-AP).<\/p>\n\n\n\n<p>Na a\u00e7\u00e3o, Gleisi e Lindbergh sustentavam que a postagem foi feita para constranger e humilhar publicamente a ministra e a ofender a honra e imagem do l\u00edder do PT na C\u00e2mara. Em resposta apresentada nos autos, Gayer invocou sua imunidade parlamentar, argumentou que deveria &#8220;prevalecer a liberdade de express\u00e3o&#8221; e sustentou ainda que &#8220;n\u00e3o houve a demonstra\u00e7\u00e3o de danos morais&#8221;.<\/p>\n\n\n\n<p>A ju\u00edza Thais Ara\u00fajo Correia disse n\u00e3o ver &#8220;excesso&#8221; nas manifesta\u00e7\u00f5es do deputado bolsonarista. Na vis\u00e3o da magistrada, apesar de &#8220;grosserias&#8221;, as publica\u00e7\u00f5es do parlamentar se deram em rea\u00e7\u00e3o a uma fala do presidente Luiz In\u00e1cio Lula da Silva (PT). &#8220;Os improp\u00e9rios proferidos nas mensagens publicadas, frise-se, representam apenas a rudeza do interlocutor, inserv\u00edveis, no entanto, para desabonar a imagem e honra dos autores&#8221;, alegou.<\/p>\n\n\n\n<p>A magistrada sustentou que Gleisi e Lindbergh, como pessoas p\u00fablicas, &#8220;n\u00e3o est\u00e3o infensos a cr\u00edticas pr\u00f3prias da pol\u00edtica&#8221; e assim os coment\u00e1rios de Gayer &#8220;n\u00e3o assumem for\u00e7a suficiente para causar preju\u00edzo ao seu patrim\u00f4nio moral, no sentido de aviltar-lhe a reputa\u00e7\u00e3o ou o seu nome no meio pol\u00edtico&#8221;.<\/p>\n\n\n\n<p>A avalia\u00e7\u00e3o \u00e9 a de que as manifesta\u00e7\u00f5es se deram &#8220;no exerc\u00edcio do mandato&#8221;. &#8220;Ao transitar sobre a t\u00eanue linha entre a imunidade material parlamentar e o seu desbordo, entendo que a controv\u00e9rsia posta deve ser dirimida com o reconhecimento do exerc\u00edcio leg\u00edtimo da liberdade de express\u00e3o&#8221;, anotou a magistrada. A ju\u00edza determinou que os petistas arquem com as custas e despesas do processo, assim como os honor\u00e1rios, arbitrados em 10% do valor total da causa atualizado.<\/p>\n\n\n\n<p><\/p>\n","protected":false},"excerpt":{"rendered":"<p>Ministra e o l\u00edder do PT na C\u00e2mara pediam uma indeniza\u00e7\u00e3o de R$ 60 mil por declara\u00e7\u00e3o feita pelo deputado bolsonarista nas redes sociais A ju\u00edza Thais Ara\u00fajo Correia, da 17\u00aa Vara C\u00edvel de Bras\u00edlia, negou uma a\u00e7\u00e3o em que a ministra das Rela\u00e7\u00f5es Institucionais, Gleisi Hoffman, e o l\u00edder do PT na C\u00e2mara dos [&hellip;]<\/p>\n","protected":false},"author":5,"featured_media":1851,"comment_status":"open","ping_status":"open","sticky":false,"template":"","format":"standard","meta":{"footnotes":""},"categories":[20],"tags":[],"_links":{"self":[{"href":"https:\/\/jornalhorizonte.com.br\/index.php?rest_route=\/wp\/v2\/posts\/1850"}],"collection":[{"href":"https:\/\/jornalhorizonte.com.br\/index.php?rest_route=\/wp\/v2\/posts"}],"about":[{"href":"https:\/\/jornalhorizonte.com.br\/index.php?rest_route=\/wp\/v2\/types\/post"}],"author":[{"embeddable":true,"href":"https:\/\/jornalhorizonte.com.br\/index.php?rest_route=\/wp\/v2\/users\/5"}],"replies":[{"embeddable":true,"href":"https:\/\/jornalhorizonte.com.br\/index.php?rest_route=%2Fwp%2Fv2%2Fcomments&post=1850"}],"version-history":[{"count":1,"href":"https:\/\/jornalhorizonte.com.br\/index.php?rest_route=\/wp\/v2\/posts\/1850\/revisions"}],"predecessor-version":[{"id":1852,"href":"https:\/\/jornalhorizonte.com.br\/index.php?rest_route=\/wp\/v2\/posts\/1850\/revisions\/1852"}],"wp:featuredmedia":[{"embeddable":true,"href":"https:\/\/jornalhorizonte.com.br\/index.php?rest_route=\/wp\/v2\/media\/1851"}],"wp:attachment":[{"href":"https:\/\/jornalhorizonte.com.br\/index.php?rest_route=%2Fwp%2Fv2%2Fmedia&parent=1850"}],"wp:term":[{"taxonomy":"category","embeddable":true,"href":"https:\/\/jornalhorizonte.com.br\/index.php?rest_route=%2Fwp%2Fv2%2Fcategories&post=1850"},{"taxonomy":"post_tag","embeddable":true,"href":"https:\/\/jornalhorizonte.com.br\/index.php?rest_route=%2Fwp%2Fv2%2Ftags&post=1850"}],"curies":[{"name":"wp","href":"https:\/\/api.w.org\/{rel}","templated":true}]}}