{"id":1832,"date":"2025-06-24T00:47:31","date_gmt":"2025-06-24T00:47:31","guid":{"rendered":"https:\/\/jornalhorizonte.com.br\/?p=1832"},"modified":"2025-06-24T00:47:33","modified_gmt":"2025-06-24T00:47:33","slug":"ira-confirma-ataque-as-bases-americanas-no-iraque-e-catar","status":"publish","type":"post","link":"https:\/\/jornalhorizonte.com.br\/?p=1832","title":{"rendered":"Ir\u00e3 confirma ataque \u00e0s bases americanas no Iraque e Catar"},"content":{"rendered":"\n<p>Autoridades americanas monitoram a situa\u00e7\u00e3o<\/p>\n\n\n\n<p>O Ir\u00e3 confirmou, nesta segunda-feira (23), um ataque \u00e0s bases americanas militares no Iraque e Catar.<\/p>\n\n\n\n<p>Os EUA est\u00e3o monitorando m\u00faltiplos m\u00edsseis disparados do Ir\u00e3 em dire\u00e7\u00e3o a instala\u00e7\u00f5es militares americanas no Catar e no Iraque, segundo dois oficiais familiarizados com o assunto.<\/p>\n\n\n\n<p>O\u00a0<a href=\"https:\/\/www.cnnbrasil.com.br\/internacional\/secretario-de-defesa-dos-eua-ambicoes-nucleares-do-ira-foram-destruidas\/\">secret\u00e1rio de Defesa, Pete Hegseth<\/a>, e o presidente do Estado-Maior Conjunto, Dan Caine, est\u00e3o na Sala de Situa\u00e7\u00e3o, de acordo com um funcion\u00e1rio da Casa Branca.<\/p>\n\n\n\n<p>Um alto funcion\u00e1rio disse anteriormente que autoridades da Casa Branca e do Departamento de Defesa estavam monitorando poss\u00edveis amea\u00e7as de ataque \u00e0 Base A\u00e9rea de Al Udeid, no Catar.<\/p>\n\n\n\n<p>O&nbsp;<a href=\"https:\/\/www.cnnbrasil.com.br\/internacional\/trump-diz-que-danos-monumentais-foram-causados-no-ira\/\">presidente Donald Trump<\/a>&nbsp;visitou a base no m\u00eas passado, sendo o primeiro comandante-em-chefe a faz\u00ea-lo desde 2003. Essa \u00e9 a maior instala\u00e7\u00e3o militar dos EUA no Oriente M\u00e9dio.<\/p>\n\n\n\n<p>\u201cNenhuma visita ao Golfo estaria completa sem parar para saudar as pessoas que mant\u00eam os Estados Unidos seguros, fortes e livres\u201d, disse Trump \u00e0s tropas na base em 17 de maio.<\/p>\n","protected":false},"excerpt":{"rendered":"<p>Autoridades americanas monitoram a situa\u00e7\u00e3o O Ir\u00e3 confirmou, nesta segunda-feira (23), um ataque \u00e0s bases americanas militares no Iraque e Catar. Os EUA est\u00e3o monitorando m\u00faltiplos m\u00edsseis disparados do Ir\u00e3 em dire\u00e7\u00e3o a instala\u00e7\u00f5es militares americanas no Catar e no Iraque, segundo dois oficiais familiarizados com o assunto. O\u00a0secret\u00e1rio de Defesa, Pete Hegseth, e o [&hellip;]<\/p>\n","protected":false},"author":4,"featured_media":1833,"comment_status":"open","ping_status":"open","sticky":false,"template":"","format":"standard","meta":{"footnotes":""},"categories":[19],"tags":[],"_links":{"self":[{"href":"https:\/\/jornalhorizonte.com.br\/index.php?rest_route=\/wp\/v2\/posts\/1832"}],"collection":[{"href":"https:\/\/jornalhorizonte.com.br\/index.php?rest_route=\/wp\/v2\/posts"}],"about":[{"href":"https:\/\/jornalhorizonte.com.br\/index.php?rest_route=\/wp\/v2\/types\/post"}],"author":[{"embeddable":true,"href":"https:\/\/jornalhorizonte.com.br\/index.php?rest_route=\/wp\/v2\/users\/4"}],"replies":[{"embeddable":true,"href":"https:\/\/jornalhorizonte.com.br\/index.php?rest_route=%2Fwp%2Fv2%2Fcomments&post=1832"}],"version-history":[{"count":1,"href":"https:\/\/jornalhorizonte.com.br\/index.php?rest_route=\/wp\/v2\/posts\/1832\/revisions"}],"predecessor-version":[{"id":1834,"href":"https:\/\/jornalhorizonte.com.br\/index.php?rest_route=\/wp\/v2\/posts\/1832\/revisions\/1834"}],"wp:featuredmedia":[{"embeddable":true,"href":"https:\/\/jornalhorizonte.com.br\/index.php?rest_route=\/wp\/v2\/media\/1833"}],"wp:attachment":[{"href":"https:\/\/jornalhorizonte.com.br\/index.php?rest_route=%2Fwp%2Fv2%2Fmedia&parent=1832"}],"wp:term":[{"taxonomy":"category","embeddable":true,"href":"https:\/\/jornalhorizonte.com.br\/index.php?rest_route=%2Fwp%2Fv2%2Fcategories&post=1832"},{"taxonomy":"post_tag","embeddable":true,"href":"https:\/\/jornalhorizonte.com.br\/index.php?rest_route=%2Fwp%2Fv2%2Ftags&post=1832"}],"curies":[{"name":"wp","href":"https:\/\/api.w.org\/{rel}","templated":true}]}}