{"id":1829,"date":"2025-06-24T00:43:24","date_gmt":"2025-06-24T00:43:24","guid":{"rendered":"https:\/\/jornalhorizonte.com.br\/?p=1829"},"modified":"2025-06-24T00:43:26","modified_gmt":"2025-06-24T00:43:26","slug":"ataques-dos-eua-contra-fordow-falharam-diz-conselheiro-da-guarda-do-ira","status":"publish","type":"post","link":"https:\/\/jornalhorizonte.com.br\/?p=1829","title":{"rendered":"Ataques dos EUA contra Fordow falharam, diz conselheiro da Guarda do Ir\u00e3"},"content":{"rendered":"\n<p>Autoridade iraniana afirmou que as instala\u00e7\u00f5es nucleares de Teer\u00e3 n\u00e3o podem ser destru\u00eddas com algumas explos\u00f5es<\/p>\n\n\n\n<p>As instala\u00e7\u00f5es nucleares iranianas &#8220;n\u00e3o podem ser destru\u00eddas com um ataque e algumas explos\u00f5es&#8221;, afirmou o general Ebrahim Jabbari, conselheiro da Guarda Revolucion\u00e1ria Isl\u00e2mica do Ir\u00e3, segundo a ag\u00eancia de not\u00edcias estatal, na segunda-feira (23).<\/p>\n\n\n\n<p>\u201cN\u00e3o deve haver d\u00favidas de que os EUA falharam no&nbsp;<a href=\"https:\/\/www.cnnbrasil.com.br\/internacional\/saiba-como-trump-tomou-a-decisao-de-atacar-as-instalacoes-do-ira\/\">ataque de Fordow<\/a>, e o mito das bombas destruidoras de bunkers foi destru\u00eddo\u201d, disse Jabbari.<\/p>\n\n\n\n<p>\u201cVoc\u00ea (Trump) disse que tinha uma divis\u00e3o de drones e microdrones, mas n\u00e3o teve sucesso. Voc\u00ea disse que uma divis\u00e3o se formaria entre o povo iraniano, mas isso n\u00e3o aconteceu. Em vez disso, a unidade foi criada no Ir\u00e3!\u201d, acrescentou.<\/p>\n\n\n\n<p>O&nbsp;<a href=\"https:\/\/www.cnnbrasil.com.br\/internacional\/resposta-aos-eua-causara-profundo-pesar-diz-guarda-revolucionaria-do-ira\/\">IRGC&nbsp;<\/a>\u00e9 uma ala de elite das for\u00e7as armadas iranianas e foi criado ap\u00f3s a revolu\u00e7\u00e3o do pa\u00eds em 1979.<\/p>\n\n\n\n<p>Em 2019, os Estados Unidos colocaram a Guarda Revolucion\u00e1ria em sua lista de grupos terroristas.<\/p>\n\n\n\n<p>Nesta segunda-feira (23), o l\u00edder supremo iraniano, aiatol\u00e1 Ali Khamenei, disse que o Ir\u00e3 n\u00e3o violou ningu\u00e9m e n\u00e3o aceitar\u00e1 viola\u00e7\u00f5es de outros.<\/p>\n\n\n\n<p>&#8220;N\u00e3o nos renderemos \u00e0 viola\u00e7\u00e3o de ningu\u00e9m; essa \u00e9 a l\u00f3gica da na\u00e7\u00e3o do Ir\u00e3&#8221;, dizia uma declara\u00e7\u00e3o em sua conta no X, que inclu\u00eda uma ilustra\u00e7\u00e3o de uma bandeira americana em chamas com v\u00e1rios pr\u00e9dios atr\u00e1s dela tamb\u00e9m em chamas.<\/p>\n\n\n\n<p>Os coment\u00e1rios marcam a primeira declara\u00e7\u00e3o de Khamenei nas redes sociais desde que os EUA atacaram as<a href=\"https:\/\/www.cnnbrasil.com.br\/blogs\/mariana-janjacomo\/internacional\/ataque-de-trump-no-ira-faz-oposicao-falar-em-impeachment-entenda\/\">&nbsp;instala\u00e7\u00f5es nucleares do Ir\u00e3<\/a>&nbsp;no fim de semana.<\/p>\n\n\n\n<p>Khamenei tamb\u00e9m disse no X que aqueles que conhecem o povo e a hist\u00f3ria do Ir\u00e3 sabem que &#8220;n\u00e3o \u00e9 uma na\u00e7\u00e3o que se rende&#8221;.<\/p>\n","protected":false},"excerpt":{"rendered":"<p>Autoridade iraniana afirmou que as instala\u00e7\u00f5es nucleares de Teer\u00e3 n\u00e3o podem ser destru\u00eddas com algumas explos\u00f5es As instala\u00e7\u00f5es nucleares iranianas &#8220;n\u00e3o podem ser destru\u00eddas com um ataque e algumas explos\u00f5es&#8221;, afirmou o general Ebrahim Jabbari, conselheiro da Guarda Revolucion\u00e1ria Isl\u00e2mica do Ir\u00e3, segundo a ag\u00eancia de not\u00edcias estatal, na segunda-feira (23). \u201cN\u00e3o deve haver d\u00favidas [&hellip;]<\/p>\n","protected":false},"author":4,"featured_media":1830,"comment_status":"open","ping_status":"open","sticky":false,"template":"","format":"standard","meta":{"footnotes":""},"categories":[358],"tags":[],"_links":{"self":[{"href":"https:\/\/jornalhorizonte.com.br\/index.php?rest_route=\/wp\/v2\/posts\/1829"}],"collection":[{"href":"https:\/\/jornalhorizonte.com.br\/index.php?rest_route=\/wp\/v2\/posts"}],"about":[{"href":"https:\/\/jornalhorizonte.com.br\/index.php?rest_route=\/wp\/v2\/types\/post"}],"author":[{"embeddable":true,"href":"https:\/\/jornalhorizonte.com.br\/index.php?rest_route=\/wp\/v2\/users\/4"}],"replies":[{"embeddable":true,"href":"https:\/\/jornalhorizonte.com.br\/index.php?rest_route=%2Fwp%2Fv2%2Fcomments&post=1829"}],"version-history":[{"count":1,"href":"https:\/\/jornalhorizonte.com.br\/index.php?rest_route=\/wp\/v2\/posts\/1829\/revisions"}],"predecessor-version":[{"id":1831,"href":"https:\/\/jornalhorizonte.com.br\/index.php?rest_route=\/wp\/v2\/posts\/1829\/revisions\/1831"}],"wp:featuredmedia":[{"embeddable":true,"href":"https:\/\/jornalhorizonte.com.br\/index.php?rest_route=\/wp\/v2\/media\/1830"}],"wp:attachment":[{"href":"https:\/\/jornalhorizonte.com.br\/index.php?rest_route=%2Fwp%2Fv2%2Fmedia&parent=1829"}],"wp:term":[{"taxonomy":"category","embeddable":true,"href":"https:\/\/jornalhorizonte.com.br\/index.php?rest_route=%2Fwp%2Fv2%2Fcategories&post=1829"},{"taxonomy":"post_tag","embeddable":true,"href":"https:\/\/jornalhorizonte.com.br\/index.php?rest_route=%2Fwp%2Fv2%2Ftags&post=1829"}],"curies":[{"name":"wp","href":"https:\/\/api.w.org\/{rel}","templated":true}]}}