{"id":1813,"date":"2025-05-28T13:30:00","date_gmt":"2025-05-28T13:30:00","guid":{"rendered":"https:\/\/jornalhorizonte.com.br\/?p=1813"},"modified":"2025-05-28T13:30:03","modified_gmt":"2025-05-28T13:30:03","slug":"russia-reuniu-50-mil-soldados-para-nova-ofensiva-na-ucrania-diz-zelensky","status":"publish","type":"post","link":"https:\/\/jornalhorizonte.com.br\/?p=1813","title":{"rendered":"R\u00fassia reuniu 50 mil soldados para nova ofensiva na Ucr\u00e2nia, diz Zelensky"},"content":{"rendered":"\n<p>Tropas estariam reunidas na regi\u00e3o de Sumy, no norte da Ucr\u00e2nia<\/p>\n\n\n\n<p>O presidente ucraniano, Volodymyr Zelensky, afirmou que a R\u00fassia reuniu 50 mil soldados perto da regi\u00e3o de Sumy, no norte da Ucr\u00e2nia, mas acrescentou que Kiev tomou medidas para impedir Moscou de conduzir uma ofensiva em larga escala no local.<\/p>\n\n\n\n<p>A concentra\u00e7\u00e3o ocorre enquanto a&nbsp;<a href=\"https:\/\/www.cnnbrasil.com.br\/internacional\/russia-acusa-ucrania-e-europa-de-tentarem-destruir-negociacoes-de-paz\/\" target=\"_blank\" rel=\"noreferrer noopener\">R\u00fassia<\/a>&nbsp;parece estar se preparando para uma ofensiva de ver\u00e3o na Ucr\u00e2nia, enquanto Kiev aguarda a apresenta\u00e7\u00e3o de um memorando de Moscou com as condi\u00e7\u00f5es para prosseguir com as negocia\u00e7\u00f5es de cessar-fogo.<\/p>\n\n\n\n<p>Sumy fica do outro lado da fronteira com a regi\u00e3o russa de Kursk, onde a Ucr\u00e2nia j\u00e1 havia tomado e mantido um peda\u00e7o de terra por meses, antes de ser quase totalmente expulsa no m\u00eas passado, embora afirme que ainda mant\u00e9m algumas \u00e1reas l\u00e1.<\/p>\n\n\n\n<p>&#8220;Suas maiores e mais fortes for\u00e7as est\u00e3o atualmente na frente de Kursk&#8221;, disse Zelensky a rep\u00f3rteres na ter\u00e7a-feira (27).<\/p>\n\n\n\n<p>&#8220;Para expulsar nossas tropas da regi\u00e3o de Kursk e preparar a\u00e7\u00f5es ofensivas contra a regi\u00e3o de Sumy&#8221;, acrescentou.<\/p>\n\n\n\n<p><a href=\"https:\/\/www.cnnbrasil.com.br\/internacional\/trump-diz-que-putin-esta-brincando-com-fogo\/\" target=\"_blank\" rel=\"noreferrer noopener\">Putin&nbsp;<\/a>afirmou que quer uma &#8220;zona-tamp\u00e3o&#8221; ao longo da fronteira da R\u00fassia com a Ucr\u00e2nia. Zelensky afirmou acreditar que a R\u00fassia deseja que essa zona tenha cerca de 10 quil\u00f4metros.<\/p>\n\n\n\n<p>A R\u00fassia capturou pelo menos quatro vilarejos fronteiri\u00e7os na regi\u00e3o recentemente e vem avan\u00e7ando lentamente nas \u00faltimas semanas em partes da linha de frente no leste da Ucr\u00e2nia, perto da cidade de Kostyantynivka.<\/p>\n\n\n\n<p>No entanto, Zelensky afirmou que os russos foram repelidos naquela \u00e1rea ao longo de dois dias.<\/p>\n\n\n\n<p>Ucr\u00e2nia e R\u00fassia trocaram mil prisioneiros cada ap\u00f3s uma reuni\u00e3o das delega\u00e7\u00f5es dos dois pa\u00edses em Istambul h\u00e1 quase duas semanas, que n\u00e3o resultou no cessar-fogo buscado pela Ucr\u00e2nia, EUA e Europa.<\/p>\n\n\n\n<p>Zelensky afirmou que considera a Turquia, o Vaticano e a Su\u00ed\u00e7a os locais mais realistas para novas negocia\u00e7\u00f5es com a R\u00fassia. Ele afirmou que Malta e outros pa\u00edses africanos n\u00e3o especificados tamb\u00e9m demonstraram interesse em sediar negocia\u00e7\u00f5es.<\/p>\n\n\n\n<p>A Reuters noticiou anteriormente que&nbsp;<a href=\"https:\/\/www.cnnbrasil.com.br\/internacional\/russia-diz-que-nao-seria-confortavel-vaticano-mediar-acordo-com-ucrania\/\" target=\"_blank\" rel=\"noreferrer noopener\">Moscou n\u00e3o considera o Vaticano um local s\u00e9rio para negocia\u00e7\u00f5es<\/a>.<\/p>\n\n\n\n<p>Zelensky afirmou que participar\u00e1 da pr\u00f3xima c\u00fapula do G7 a convite do primeiro-ministro canadense, Mark Carney, cujo pa\u00eds ocupa atualmente a presid\u00eancia rotativa do bloco. Ele acrescentou que provavelmente participar\u00e1 da pr\u00f3xima c\u00fapula da Uni\u00e3o Europeia.<\/p>\n\n\n\n<p>Falando sobre a produ\u00e7\u00e3o dom\u00e9stica de armas da Ucr\u00e2nia, Zelensky afirmou que deseja US$ 30 bilh\u00f5es para que a Ucr\u00e2nia financie integralmente a capacidade dispon\u00edvel do setor em r\u00e1pida expans\u00e3o.<\/p>\n\n\n\n<p><\/p>\n","protected":false},"excerpt":{"rendered":"<p>Tropas estariam reunidas na regi\u00e3o de Sumy, no norte da Ucr\u00e2nia O presidente ucraniano, Volodymyr Zelensky, afirmou que a R\u00fassia reuniu 50 mil soldados perto da regi\u00e3o de Sumy, no norte da Ucr\u00e2nia, mas acrescentou que Kiev tomou medidas para impedir Moscou de conduzir uma ofensiva em larga escala no local. A concentra\u00e7\u00e3o ocorre enquanto [&hellip;]<\/p>\n","protected":false},"author":4,"featured_media":1814,"comment_status":"open","ping_status":"open","sticky":false,"template":"","format":"standard","meta":{"footnotes":""},"categories":[19],"tags":[],"_links":{"self":[{"href":"https:\/\/jornalhorizonte.com.br\/index.php?rest_route=\/wp\/v2\/posts\/1813"}],"collection":[{"href":"https:\/\/jornalhorizonte.com.br\/index.php?rest_route=\/wp\/v2\/posts"}],"about":[{"href":"https:\/\/jornalhorizonte.com.br\/index.php?rest_route=\/wp\/v2\/types\/post"}],"author":[{"embeddable":true,"href":"https:\/\/jornalhorizonte.com.br\/index.php?rest_route=\/wp\/v2\/users\/4"}],"replies":[{"embeddable":true,"href":"https:\/\/jornalhorizonte.com.br\/index.php?rest_route=%2Fwp%2Fv2%2Fcomments&post=1813"}],"version-history":[{"count":1,"href":"https:\/\/jornalhorizonte.com.br\/index.php?rest_route=\/wp\/v2\/posts\/1813\/revisions"}],"predecessor-version":[{"id":1815,"href":"https:\/\/jornalhorizonte.com.br\/index.php?rest_route=\/wp\/v2\/posts\/1813\/revisions\/1815"}],"wp:featuredmedia":[{"embeddable":true,"href":"https:\/\/jornalhorizonte.com.br\/index.php?rest_route=\/wp\/v2\/media\/1814"}],"wp:attachment":[{"href":"https:\/\/jornalhorizonte.com.br\/index.php?rest_route=%2Fwp%2Fv2%2Fmedia&parent=1813"}],"wp:term":[{"taxonomy":"category","embeddable":true,"href":"https:\/\/jornalhorizonte.com.br\/index.php?rest_route=%2Fwp%2Fv2%2Fcategories&post=1813"},{"taxonomy":"post_tag","embeddable":true,"href":"https:\/\/jornalhorizonte.com.br\/index.php?rest_route=%2Fwp%2Fv2%2Ftags&post=1813"}],"curies":[{"name":"wp","href":"https:\/\/api.w.org\/{rel}","templated":true}]}}