{"id":1810,"date":"2025-05-28T13:27:09","date_gmt":"2025-05-28T13:27:09","guid":{"rendered":"https:\/\/jornalhorizonte.com.br\/?p=1810"},"modified":"2025-05-28T13:27:11","modified_gmt":"2025-05-28T13:27:11","slug":"todos-os-descontos-indevidos-do-inss-serao-pagos-em-2025-diz-governo","status":"publish","type":"post","link":"https:\/\/jornalhorizonte.com.br\/?p=1810","title":{"rendered":"Todos os descontos indevidos do INSS ser\u00e3o pagos em 2025, diz governo"},"content":{"rendered":"\n<p>M\u00e9todo que ser\u00e1 adotado para efetuar ressarcimento, no entanto, ainda \u00e9 ponto que ainda gera diverg\u00eancias dentro do governo<\/p>\n\n\n\n<p><strong>O presidente do Instituto Nacional do Seguro Social (INSS), Gilberto Waller<\/strong>, afirmou nesta ter\u00e7a-feira (27) que todos os&nbsp;<strong>aposentados e pensionistas<\/strong>&nbsp;que sofreram&nbsp;<strong>descontos indevidos<\/strong>&nbsp;ser\u00e3o ressarcidos ainda esse ano.<\/p>\n\n\n\n<p>\u201cCom certeza, at\u00e9 31 de dezembro, todo mundo que foi lesado, ser\u00e1 ressarcido\u201d, disse&nbsp;<strong>Waller<\/strong>.<\/p>\n\n\n\n<p>As declara\u00e7\u00f5es foram dadas durante reuni\u00e3o do\u00a0<strong>Conselho Nacional da Previd\u00eancia Social (CNPS)<\/strong>.<\/p>\n\n\n\n<p>O m\u00e9todo adotado para efetuar o ressarcimento, no entanto, ainda \u00e9 um ponto que ainda gera diverg\u00eancias dentro do governo.<\/p>\n\n\n\n<p>N\u00e3o est\u00e1 claro, por exemplo, se ser\u00e1 necess\u00e1ria a abertura de cr\u00e9dito extraordin\u00e1rio, uso de recursos do Tesouro, ou se os valores bloqueados de sindicatos e associa\u00e7\u00f5es envolvidos ser\u00e3o suficientes para cobrir os preju\u00edzos.<\/p>\n\n\n\n<p>O pr\u00f3prio&nbsp;<strong>ministro da Previd\u00eancia, Wolney Queiroz<\/strong>, afirma que o governo ainda n\u00e3o se decidiu sobre esse assunto.<\/p>\n\n\n\n<p>\u201cEsse ressarcimento \u00e9 uma coisa que tem que ser muito bem cal\u00e7ada, a AGU [Advocacia-Geral da Uni\u00e3o] est\u00e1 atuando nisso. Temos certeza de que vai ser criado um arcabou\u00e7o jur\u00eddico que possa garantir ao governo fazer o pagamento sem sofrer penalidades\u201d, afirmou nesta ter\u00e7a-feira.<\/p>\n\n\n\n<p><\/p>\n","protected":false},"excerpt":{"rendered":"<p>M\u00e9todo que ser\u00e1 adotado para efetuar ressarcimento, no entanto, ainda \u00e9 ponto que ainda gera diverg\u00eancias dentro do governo O presidente do Instituto Nacional do Seguro Social (INSS), Gilberto Waller, afirmou nesta ter\u00e7a-feira (27) que todos os&nbsp;aposentados e pensionistas&nbsp;que sofreram&nbsp;descontos indevidos&nbsp;ser\u00e3o ressarcidos ainda esse ano. \u201cCom certeza, at\u00e9 31 de dezembro, todo mundo que foi [&hellip;]<\/p>\n","protected":false},"author":5,"featured_media":1811,"comment_status":"open","ping_status":"open","sticky":false,"template":"","format":"standard","meta":{"footnotes":""},"categories":[20],"tags":[],"_links":{"self":[{"href":"https:\/\/jornalhorizonte.com.br\/index.php?rest_route=\/wp\/v2\/posts\/1810"}],"collection":[{"href":"https:\/\/jornalhorizonte.com.br\/index.php?rest_route=\/wp\/v2\/posts"}],"about":[{"href":"https:\/\/jornalhorizonte.com.br\/index.php?rest_route=\/wp\/v2\/types\/post"}],"author":[{"embeddable":true,"href":"https:\/\/jornalhorizonte.com.br\/index.php?rest_route=\/wp\/v2\/users\/5"}],"replies":[{"embeddable":true,"href":"https:\/\/jornalhorizonte.com.br\/index.php?rest_route=%2Fwp%2Fv2%2Fcomments&post=1810"}],"version-history":[{"count":1,"href":"https:\/\/jornalhorizonte.com.br\/index.php?rest_route=\/wp\/v2\/posts\/1810\/revisions"}],"predecessor-version":[{"id":1812,"href":"https:\/\/jornalhorizonte.com.br\/index.php?rest_route=\/wp\/v2\/posts\/1810\/revisions\/1812"}],"wp:featuredmedia":[{"embeddable":true,"href":"https:\/\/jornalhorizonte.com.br\/index.php?rest_route=\/wp\/v2\/media\/1811"}],"wp:attachment":[{"href":"https:\/\/jornalhorizonte.com.br\/index.php?rest_route=%2Fwp%2Fv2%2Fmedia&parent=1810"}],"wp:term":[{"taxonomy":"category","embeddable":true,"href":"https:\/\/jornalhorizonte.com.br\/index.php?rest_route=%2Fwp%2Fv2%2Fcategories&post=1810"},{"taxonomy":"post_tag","embeddable":true,"href":"https:\/\/jornalhorizonte.com.br\/index.php?rest_route=%2Fwp%2Fv2%2Ftags&post=1810"}],"curies":[{"name":"wp","href":"https:\/\/api.w.org\/{rel}","templated":true}]}}