{"id":1807,"date":"2025-05-28T13:23:34","date_gmt":"2025-05-28T13:23:34","guid":{"rendered":"https:\/\/jornalhorizonte.com.br\/?p=1807"},"modified":"2025-05-28T13:23:36","modified_gmt":"2025-05-28T13:23:36","slug":"nova-variante-de-covid-19-e-monitorada-veja-tudo-que-voce-precisa-saber","status":"publish","type":"post","link":"https:\/\/jornalhorizonte.com.br\/?p=1807","title":{"rendered":"Nova variante de Covid-19 \u00e9 monitorada: veja tudo que voc\u00ea precisa saber"},"content":{"rendered":"\n<p>A Organiza\u00e7\u00e3o Mundial da Sa\u00fade (OMS) designou a NB.1.8.1 como uma variante de SARS-CoV-2 sob monitoramento, mas avalia o risco dessa cepa como baixo<\/p>\n\n\n\n<p>Uma nova variante do v\u00edrus causador de Covid-19 (SARS-CoV-2) est\u00e1 sob o monitoramento da Organiza\u00e7\u00e3o Mundial da Sa\u00fade (OMS). Chamada de NB.1.8.1, ela est\u00e1 aumentando globalmente, enquanto o v\u00edrus LP.8.1 est\u00e1 reduzindo.<\/p>\n\n\n\n<p>No entanto, de acordo com a Avalia\u00e7\u00e3o de Risco liberada pela OMS na \u00faltima sexta-feira (23), o risco global dessa variante \u00e9 baixo e as vacinas contra a Covid-19 atualmente aprovadas devem permanecer eficazes contra essa variante para doen\u00e7as sintom\u00e1ticas e graves.<\/p>\n\n\n\n<p>Apesar de haver um aumento simult\u00e2neo de casos e hospitaliza\u00e7\u00f5es em alguns pa\u00edses onde a NB.1.8.1 est\u00e1 disseminada, os dados atuais n\u00e3o indicam que essa variante leve a uma doen\u00e7a mais grave do que outras variantes em circula\u00e7\u00e3o.<\/p>\n\n\n\n<h2 class=\"wp-block-heading\">O que \u00e9 essa nova variante da Covid-19?<\/h2>\n\n\n\n<p>De acordo com a OMS, a NB.1.8.1 \u00e9 uma variante derivada da recombinante XDV.1.5.1, com a amostra mais antiga coletada em 22 de janeiro de 2025. Em compara\u00e7\u00e3o com a variante atualmente dominante, LP.8.1, a nova muta\u00e7\u00e3o possui muta\u00e7\u00f5es adicionais na prote\u00edna Spike. Muta\u00e7\u00f5es na prote\u00edna Spike na posi\u00e7\u00e3o 445 podem aumentar a transmissibilidade, e muta\u00e7\u00f5es nas posi\u00e7\u00f5es 435 e 478 podem reduzir a pot\u00eancia de neutraliza\u00e7\u00e3o de anticorpos e aumentar a evas\u00e3o de anticorpos, respectivamente.<\/p>\n\n\n\n<h2 class=\"wp-block-heading\">Qual risco essa variante representa hoje?<\/h2>\n\n\n\n<p>Ainda de acordo com a OMS, a NB.1.8.1 est\u00e1 crescendo rapidamente em compara\u00e7\u00e3o com as outras variantes existentes. No entanto, a NB.1.8.1 exibe apenas uma evas\u00e3o imunol\u00f3gica adicional marginal em rela\u00e7\u00e3o \u00e0 LP.8.1. Embora haja relatos de aumento de casos e hospitaliza\u00e7\u00f5es em alguns pa\u00edses da regi\u00e3o do Pac\u00edfico Ocidental (WPR), que apresenta a maior propor\u00e7\u00e3o da nova variante, n\u00e3o h\u00e1 relatos que sugiram que a gravidade da doen\u00e7a associada seja maior em compara\u00e7\u00e3o com outras variantes circulantes. As evid\u00eancias dispon\u00edveis sobre essa muta\u00e7\u00e3o n\u00e3o sugerem riscos adicionais para a sa\u00fade p\u00fablica em rela\u00e7\u00e3o \u00e0s outras linhagens descendentes de Omicron atualmente em circula\u00e7\u00e3o.<\/p>\n\n\n\n<h2 class=\"wp-block-heading\">O quanto essa variante est\u00e1 disseminada?<\/h2>\n\n\n\n<p>Embora ainda em n\u00fameros baixos, conforme relat\u00f3rio da OMS, houve um aumento significativo na preval\u00eancia da NB.1.8.1. Em 18 de maio de 2025, havia 518 sequ\u00eancias desta variante submetidas ao GISAID de 22 pa\u00edses, representando 10,7% das sequ\u00eancias globalmente dispon\u00edveis na semana epidemiol\u00f3gica 17 de 2025 (21 a 27 de abril de 2025). Isso \u00e9 um aumento significativo em rela\u00e7\u00e3o aos 2,5% de quatro semanas antes.<\/p>\n\n\n\n<p>A detec\u00e7\u00e3o da nova muta\u00e7\u00e3o est\u00e1 aumentando em v\u00e1rios pa\u00edses da regi\u00e3o do Pac\u00edfico Ocidental que est\u00e3o experimentando concomitantemente um aumento nos casos e hospitaliza\u00e7\u00f5es relacionados ao SARS-CoV-2. No entanto, os dados de vigil\u00e2ncia cl\u00ednica de rotina n\u00e3o indicam quaisquer sinais de aumento da gravidade associada \u00e0 NB.1.8.1, em compara\u00e7\u00e3o com as variantes que circulavam anteriormente. Atualmente, n\u00e3o h\u00e1 evid\u00eancias de aumentos em indicadores como interna\u00e7\u00f5es em UTIs relacionadas \u00e0 Covid-19 e mortes por hospitaliza\u00e7\u00f5es, ou mortalidade por todas as causas.<\/p>\n","protected":false},"excerpt":{"rendered":"<p>A Organiza\u00e7\u00e3o Mundial da Sa\u00fade (OMS) designou a NB.1.8.1 como uma variante de SARS-CoV-2 sob monitoramento, mas avalia o risco dessa cepa como baixo Uma nova variante do v\u00edrus causador de Covid-19 (SARS-CoV-2) est\u00e1 sob o monitoramento da Organiza\u00e7\u00e3o Mundial da Sa\u00fade (OMS). Chamada de NB.1.8.1, ela est\u00e1 aumentando globalmente, enquanto o v\u00edrus LP.8.1 est\u00e1 [&hellip;]<\/p>\n","protected":false},"author":5,"featured_media":1808,"comment_status":"open","ping_status":"open","sticky":false,"template":"","format":"standard","meta":{"footnotes":""},"categories":[20],"tags":[],"_links":{"self":[{"href":"https:\/\/jornalhorizonte.com.br\/index.php?rest_route=\/wp\/v2\/posts\/1807"}],"collection":[{"href":"https:\/\/jornalhorizonte.com.br\/index.php?rest_route=\/wp\/v2\/posts"}],"about":[{"href":"https:\/\/jornalhorizonte.com.br\/index.php?rest_route=\/wp\/v2\/types\/post"}],"author":[{"embeddable":true,"href":"https:\/\/jornalhorizonte.com.br\/index.php?rest_route=\/wp\/v2\/users\/5"}],"replies":[{"embeddable":true,"href":"https:\/\/jornalhorizonte.com.br\/index.php?rest_route=%2Fwp%2Fv2%2Fcomments&post=1807"}],"version-history":[{"count":1,"href":"https:\/\/jornalhorizonte.com.br\/index.php?rest_route=\/wp\/v2\/posts\/1807\/revisions"}],"predecessor-version":[{"id":1809,"href":"https:\/\/jornalhorizonte.com.br\/index.php?rest_route=\/wp\/v2\/posts\/1807\/revisions\/1809"}],"wp:featuredmedia":[{"embeddable":true,"href":"https:\/\/jornalhorizonte.com.br\/index.php?rest_route=\/wp\/v2\/media\/1808"}],"wp:attachment":[{"href":"https:\/\/jornalhorizonte.com.br\/index.php?rest_route=%2Fwp%2Fv2%2Fmedia&parent=1807"}],"wp:term":[{"taxonomy":"category","embeddable":true,"href":"https:\/\/jornalhorizonte.com.br\/index.php?rest_route=%2Fwp%2Fv2%2Fcategories&post=1807"},{"taxonomy":"post_tag","embeddable":true,"href":"https:\/\/jornalhorizonte.com.br\/index.php?rest_route=%2Fwp%2Fv2%2Ftags&post=1807"}],"curies":[{"name":"wp","href":"https:\/\/api.w.org\/{rel}","templated":true}]}}