{"id":1778,"date":"2025-03-27T15:01:28","date_gmt":"2025-03-27T15:01:28","guid":{"rendered":"https:\/\/jornalhorizonte.com.br\/?p=1778"},"modified":"2025-03-27T15:01:31","modified_gmt":"2025-03-27T15:01:31","slug":"gleisi-obstruir-pauta-e-colocar-interesses-de-bolsonaro-a-frente-do-brasil","status":"publish","type":"post","link":"https:\/\/jornalhorizonte.com.br\/?p=1778","title":{"rendered":"Gleisi: Obstruir pauta \u00e9 colocar interesses de Bolsonaro \u00e0 frente do Brasil"},"content":{"rendered":"\n<p>Pal\u00e1cio do Planalto tenta evitar que PL atrapalhe o avan\u00e7o da pauta governista dentro do Congresso Nacional<\/p>\n\n\n\n<p>A ministra de Rela\u00e7\u00f5es Institucionais, Gleisi Hoffmann, criticou a amea\u00e7a do Partido Liberal de&nbsp;<a href=\"https:\/\/www.cnnbrasil.com.br\/politica\/pl-ameaca-obstruir-camara-se-hugo-nao-pautar-projeto-da-anistia\/\" target=\"_blank\" rel=\"noreferrer noopener\">obstruir a pauta de vota\u00e7\u00f5es na C\u00e2mara dos Deputados<\/a>&nbsp;ap\u00f3s Jair Bolsonaro (PL) se tornar r\u00e9u na trama golpista.<\/p>\n\n\n\n<p>\u00c0 CNN, a petista salientou que travar as vota\u00e7\u00f5es da Casa legislativa \u00e9 colocar os interesses do ex-presidente \u00e0 frente dos interesses nacionais, como o aumento da faixa de isen\u00e7\u00e3o da tabela do Imposto de Renda (IR).<\/p>\n\n\n\n<p>\u201cCom tantas pautas importantes para o povo e para o pa\u00eds, obstruir \u00e9 colocar os interesses de Bolsonaro \u00e0 frente dos interesses do Brasil\u201d, afirmou.<\/p>\n\n\n\n<p>O Pal\u00e1cio do Planalto tem tentado evitar que o partido de direita atrapalhe a pauta governista do primeiro semestre, o que inclui a reformula\u00e7\u00e3o da tabela do IR e o fim da escala 6 por 1.<\/p>\n\n\n\n<p>O presidente Luiz In\u00e1cio Lula da Silva (PT) tem conversado sobre os assuntos com os presidentes da C\u00e2mara, Huggo Motta (Republicanos-PB), e do Senado, Davi Alcolumbre (Uni\u00e3o-AP), em viagem ao Jap\u00e3o.<\/p>\n\n\n\n<p>O petista deve, inclusive, promover um \u201chappy hour\u201d, na volta da \u00c1sia, com l\u00edderes partid\u00e1rios para defender a pauta governista e tentar evitar o movimento da direita.<\/p>\n\n\n\n<p>O PL amea\u00e7a obstruir as vota\u00e7\u00f5es caso o presidente da C\u00e2mara n\u00e3o paute o projeto que anistia os condenados pelos atos de 8 de janeiro de 2023, quando bolsonaristas invadiram e depredaram os pr\u00e9dios dos Tr\u00eas Poderes, em Bras\u00edlia.<\/p>\n\n\n\n<p><a href=\"https:\/\/www.cnnbrasil.com.br\/politica\/hugo-deve-criar-comissao-para-discutir-projeto-da-anistia-dizem-aliados\/\" target=\"_blank\" rel=\"noreferrer noopener\">Motta sinalizou que a proposta deve passar, antes, por uma comiss\u00e3o especial<\/a>&nbsp;\u2013 um acordo firmado anteriormente por Arthur Lira (PP-AL) com PL e PT.<\/p>\n","protected":false},"excerpt":{"rendered":"<p>Pal\u00e1cio do Planalto tenta evitar que PL atrapalhe o avan\u00e7o da pauta governista dentro do Congresso Nacional A ministra de Rela\u00e7\u00f5es Institucionais, Gleisi Hoffmann, criticou a amea\u00e7a do Partido Liberal de&nbsp;obstruir a pauta de vota\u00e7\u00f5es na C\u00e2mara dos Deputados&nbsp;ap\u00f3s Jair Bolsonaro (PL) se tornar r\u00e9u na trama golpista. \u00c0 CNN, a petista salientou que travar [&hellip;]<\/p>\n","protected":false},"author":4,"featured_media":1779,"comment_status":"open","ping_status":"open","sticky":false,"template":"","format":"standard","meta":{"footnotes":""},"categories":[20],"tags":[],"_links":{"self":[{"href":"https:\/\/jornalhorizonte.com.br\/index.php?rest_route=\/wp\/v2\/posts\/1778"}],"collection":[{"href":"https:\/\/jornalhorizonte.com.br\/index.php?rest_route=\/wp\/v2\/posts"}],"about":[{"href":"https:\/\/jornalhorizonte.com.br\/index.php?rest_route=\/wp\/v2\/types\/post"}],"author":[{"embeddable":true,"href":"https:\/\/jornalhorizonte.com.br\/index.php?rest_route=\/wp\/v2\/users\/4"}],"replies":[{"embeddable":true,"href":"https:\/\/jornalhorizonte.com.br\/index.php?rest_route=%2Fwp%2Fv2%2Fcomments&post=1778"}],"version-history":[{"count":1,"href":"https:\/\/jornalhorizonte.com.br\/index.php?rest_route=\/wp\/v2\/posts\/1778\/revisions"}],"predecessor-version":[{"id":1780,"href":"https:\/\/jornalhorizonte.com.br\/index.php?rest_route=\/wp\/v2\/posts\/1778\/revisions\/1780"}],"wp:featuredmedia":[{"embeddable":true,"href":"https:\/\/jornalhorizonte.com.br\/index.php?rest_route=\/wp\/v2\/media\/1779"}],"wp:attachment":[{"href":"https:\/\/jornalhorizonte.com.br\/index.php?rest_route=%2Fwp%2Fv2%2Fmedia&parent=1778"}],"wp:term":[{"taxonomy":"category","embeddable":true,"href":"https:\/\/jornalhorizonte.com.br\/index.php?rest_route=%2Fwp%2Fv2%2Fcategories&post=1778"},{"taxonomy":"post_tag","embeddable":true,"href":"https:\/\/jornalhorizonte.com.br\/index.php?rest_route=%2Fwp%2Fv2%2Ftags&post=1778"}],"curies":[{"name":"wp","href":"https:\/\/api.w.org\/{rel}","templated":true}]}}