{"id":1762,"date":"2025-02-22T21:10:39","date_gmt":"2025-02-22T21:10:39","guid":{"rendered":"https:\/\/jornalhorizonte.com.br\/?p=1762"},"modified":"2025-02-22T21:10:41","modified_gmt":"2025-02-22T21:10:41","slug":"trump-admite-que-russia-atacou-ucrania-mas-culpa-biden-e-zelensky-por-guerra","status":"publish","type":"post","link":"https:\/\/jornalhorizonte.com.br\/?p=1762","title":{"rendered":"Trump admite que R\u00fassia atacou Ucr\u00e2nia, mas culpa Biden e Zelensky por guerra"},"content":{"rendered":"\n<p>Presidente dos EUA havia responsabilizado a Ucr\u00e2nia pela guerra em declara\u00e7\u00e3o anterior<\/p>\n\n\n\n<p>O presidente dos Estados Unidos, Donald Trump, ignorou diversas vezes nesta sexta-feira (21) as perguntas da r\u00e1dio da Fox News sobre a responsabilidade da R\u00fassia pela guerra na Ucr\u00e2nia. Eventualmente, o republicano admitiu que \u201ca R\u00fassia atacou\u201d e depois culpou a administra\u00e7\u00e3o do ex-presidente Joe Biden e o presidente da Ucr\u00e2nia, Volodymyr Zelensky.<\/p>\n\n\n\n<p>\u201cA R\u00fassia atacou, mas n\u00e3o havia raz\u00e3o para eles atacarem, poderia ter sido conversado\u201d, disse Trump sobre o presidente da R\u00fassia, Vladimir Putin, em entrevista ao apresentador Brian Kilmeade. \u201cAquela coisa toda durava h\u00e1 anos, n\u00e3o havia raz\u00e3o para ele entrar. Isso nunca deveria ter acontecido\u201d.<\/p>\n\n\n\n<p>A observa\u00e7\u00e3o veio depois de Kilmeade ter dito repetidamente a Trump que\u00a0<a href=\"https:\/\/www.cnnbrasil.com.br\/internacional\/reuniao-de-trump-e-putin-depende-do-progresso-para-fim-da-guerra-diz-rubio\/\" target=\"_blank\" rel=\"noreferrer noopener\">Putin<\/a>\u00a0era o \u201cculpado\u201d pela guerra, dizendo que foi uma \u201cinvas\u00e3o sem justificativa\u201d e perguntando repetidamente: \u201cVoc\u00ea concorda, certo?\u201d<\/p>\n\n\n\n<h2 class=\"wp-block-heading\"><strong>Entenda a Guerra entre R\u00fassia e Ucr\u00e2nia<\/strong><\/h2>\n\n\n\n<p>A R\u00fassia invadiu a Ucr\u00e2nia em fevereiro de 2022 e entrou no territ\u00f3rio por tr\u00eas frentes: pela fronteira russa, pela Crimeia e por Belarus, pa\u00eds forte aliado do Kremlin. For\u00e7as leais ao&nbsp;<a href=\"https:\/\/www.cnnbrasil.com.br\/internacional\/quem-e-vladimir-putin-e-o-que-voce-precisa-saber-sobre-ele\/\" target=\"_blank\" rel=\"noreferrer noopener\">presidente Vladimir Putin<\/a>&nbsp;conseguiram avan\u00e7os significativos nos primeiros dias, mas os ucranianos conseguiram manter o controle de Kiev, ainda que a cidade tamb\u00e9m tenha sido atacada. A invas\u00e3o foi criticada internacionalmente e o Kremlin foi alvo de&nbsp;<a href=\"https:\/\/www.cnnbrasil.com.br\/internacional\/russia-se-prepara-para-decadas-sob-sancoes-do-ocidente\/\" target=\"_blank\" rel=\"noreferrer noopener\">san\u00e7\u00f5es econ\u00f4micas do Ocidente<\/a>.<\/p>\n\n\n\n<p>Em outubro de 2024, ap\u00f3s milhares de mortos, a guerra na Ucr\u00e2nia entrou no que analistas descrevem como o momento mais perigoso at\u00e9 agora.<\/p>\n\n\n\n<p>As tens\u00f5es se elevaram quando o presidente russo, Vladimir Putin, ordenou o uso de um&nbsp;<a href=\"https:\/\/www.cnnbrasil.com.br\/internacional\/o-que-e-o-novo-missil-hipersonico-da-russia-usado-contra-a-ucrania\/\" target=\"_blank\" rel=\"noreferrer noopener\">m\u00edssil hipers\u00f4nico de alcance intermedi\u00e1rio<\/a>&nbsp;durante um ataque em solo ucraniano. O proj\u00e9til carregou ogivas convencionais, mas \u00e9 capaz de levar material nuclear.<\/p>\n\n\n\n<p>O lan\u00e7amento aconteceu ap\u00f3s a Ucr\u00e2nia fazer uma&nbsp;<a href=\"https:\/\/www.cnnbrasil.com.br\/internacional\/ucrania-pode-disparar-misseis-franceses-de-longo-alcance-contra-a-russia-diz-ministro-barrot\/\" target=\"_blank\" rel=\"noreferrer noopener\">ofensiva dentro do territ\u00f3rio russo<\/a>&nbsp;usando armamentos fabricados por pot\u00eancias ocidentais, como os Estados Unidos, o Reino Unido e a Fran\u00e7a.<\/p>\n\n\n\n<p>A intelig\u00eancia ocidental denuncia que a R\u00fassia est\u00e1 usando&nbsp;<a href=\"https:\/\/www.cnnbrasil.com.br\/internacional\/tropas-da-coreia-da-norte-foram-localizadas-em-regioes-da-ucrania-dizem-fontes\/\" target=\"_blank\" rel=\"noreferrer noopener\">tropas da Coreia do Norte<\/a>&nbsp;no conflito na Ucr\u00e2nia. Moscou e Pyongyang n\u00e3o negam, nem confirmam o relato.<\/p>\n\n\n\n<p>O presidente Vladimir Putin, que&nbsp;<a href=\"https:\/\/www.cnnbrasil.com.br\/internacional\/vladimir-putin-substitui-ministro-da-defesa-da-russia-por-civil\/\" target=\"_blank\" rel=\"noreferrer noopener\">substituiu seu ministro da Defesa em maio<\/a>, disse que as for\u00e7as russas est\u00e3o&nbsp;<a href=\"https:\/\/www.cnnbrasil.com.br\/internacional\/putin-diz-que-russia-esta-avancando-rapidamente-no-leste-da-ucrania\/\" target=\"_blank\" rel=\"noreferrer noopener\">avan\u00e7ando muito mais efetivamente<\/a>&nbsp;\u2013 e que a R\u00fassia alcan\u00e7ar\u00e1 todos os seus objetivos na Ucr\u00e2nia, embora ele n\u00e3o tenha dado detalhes.<\/p>\n\n\n\n<p>O presidente ucraniano, Volodymyr Zelensky, disse acreditar que os principais objetivos de Putin s\u00e3o ocupar toda a regi\u00e3o de Donbass, abrangendo as regi\u00f5es de Donetsk e Luhansk, e expulsar as tropas ucranianas da regi\u00e3o de Kursk, na R\u00fassia, das quais controlam partes desde agosto.<\/p>\n\n\n\n<p><\/p>\n","protected":false},"excerpt":{"rendered":"<p>Presidente dos EUA havia responsabilizado a Ucr\u00e2nia pela guerra em declara\u00e7\u00e3o anterior O presidente dos Estados Unidos, Donald Trump, ignorou diversas vezes nesta sexta-feira (21) as perguntas da r\u00e1dio da Fox News sobre a responsabilidade da R\u00fassia pela guerra na Ucr\u00e2nia. Eventualmente, o republicano admitiu que \u201ca R\u00fassia atacou\u201d e depois culpou a administra\u00e7\u00e3o do [&hellip;]<\/p>\n","protected":false},"author":4,"featured_media":1763,"comment_status":"open","ping_status":"open","sticky":false,"template":"","format":"standard","meta":{"footnotes":""},"categories":[19],"tags":[],"_links":{"self":[{"href":"https:\/\/jornalhorizonte.com.br\/index.php?rest_route=\/wp\/v2\/posts\/1762"}],"collection":[{"href":"https:\/\/jornalhorizonte.com.br\/index.php?rest_route=\/wp\/v2\/posts"}],"about":[{"href":"https:\/\/jornalhorizonte.com.br\/index.php?rest_route=\/wp\/v2\/types\/post"}],"author":[{"embeddable":true,"href":"https:\/\/jornalhorizonte.com.br\/index.php?rest_route=\/wp\/v2\/users\/4"}],"replies":[{"embeddable":true,"href":"https:\/\/jornalhorizonte.com.br\/index.php?rest_route=%2Fwp%2Fv2%2Fcomments&post=1762"}],"version-history":[{"count":1,"href":"https:\/\/jornalhorizonte.com.br\/index.php?rest_route=\/wp\/v2\/posts\/1762\/revisions"}],"predecessor-version":[{"id":1764,"href":"https:\/\/jornalhorizonte.com.br\/index.php?rest_route=\/wp\/v2\/posts\/1762\/revisions\/1764"}],"wp:featuredmedia":[{"embeddable":true,"href":"https:\/\/jornalhorizonte.com.br\/index.php?rest_route=\/wp\/v2\/media\/1763"}],"wp:attachment":[{"href":"https:\/\/jornalhorizonte.com.br\/index.php?rest_route=%2Fwp%2Fv2%2Fmedia&parent=1762"}],"wp:term":[{"taxonomy":"category","embeddable":true,"href":"https:\/\/jornalhorizonte.com.br\/index.php?rest_route=%2Fwp%2Fv2%2Fcategories&post=1762"},{"taxonomy":"post_tag","embeddable":true,"href":"https:\/\/jornalhorizonte.com.br\/index.php?rest_route=%2Fwp%2Fv2%2Ftags&post=1762"}],"curies":[{"name":"wp","href":"https:\/\/api.w.org\/{rel}","templated":true}]}}