{"id":176,"date":"2018-12-27T01:11:03","date_gmt":"2018-12-27T01:11:03","guid":{"rendered":"http:\/\/jornalhorizontebh.com.br\/?p=176"},"modified":"2019-01-08T11:37:29","modified_gmt":"2019-01-08T11:37:29","slug":"temporal-atinge-varios-pontos-de-belo-horizonte-nesta-quarta-feira","status":"publish","type":"post","link":"https:\/\/jornalhorizonte.com.br\/?p=176","title":{"rendered":"Temporal atinge v\u00e1rios pontos de Belo Horizonte nesta quarta-feira"},"content":{"rendered":"\n<p>A Defesa Civil emitiu alerta nesta quarta-feira (26) para risco de transbordamento dos c\u00f3rregos, Ressaca, dos Coqueiros, Flor D\u2019\u00c1gua e Sarandi na Regi\u00e3o da Pampulha, em Belo Horizonte.<\/p>\n\n\n\n<p>\u00c0s 19h30, chovia forte em v\u00e1rios pontos da capital. Nas avenidas Cristiano Machado, Sebasti\u00e3o de Brito e Antonio Carlos foram registrados alagamentos.<\/p>\n\n\n\n<p>No bairro Dona Clara, na Regi\u00e3o da Pampulha, pessoas ficaram ilhadas em um bar. Um homem se arriscou e passou pelo trecho inundado.<\/p>\n\n\n\n<figure><iframe src=\"https:\/\/imasdk.googleapis.com\/js\/core\/bridge3.266.0_pt_br.html#goog_1027543505\" allowfullscreen=\"\"><\/iframe><\/figure>\n\n\n\n<p>Pessoas se arriscam ao atravessar rua alagada em Belo HorizonteG1 MG&#8211;:&#8211;\/&#8211;:&#8211;<\/p>\n\n\n\n<figure class=\"wp-block-image\"><img decoding=\"async\" src=\"https:\/\/s04.video.glbimg.com\/x720\/7259339.jpg\" alt=\"Pessoas se arriscam ao atravessar rua alagada em Belo Horizonte\"\/><\/figure>\n\n\n\n<p>Pessoas se arriscam ao atravessar rua alagada em Belo Horizonte<\/p>\n\n\n\n<p>Na Regi\u00e3o de Venda Nova, havia risco dos c\u00f3rregos Borges, Lareira, Gameleira, da Avenida Cam\u00f5es, da Avenida Madrid e da Avenida Melo Franco transbordarem. Na Regi\u00e3o Nordeste, o risco era no Ribeir\u00e3o da On\u00e7a e no C\u00f3rrego Gorduras, no bairro Maria Goretti.<\/p>\n\n\n\n<figure><iframe loading=\"lazy\" src=\"https:\/\/tpc.googlesyndication.com\/safeframe\/1-0-31\/html\/container.html\" width=\"970\" height=\"250\"><\/iframe><\/figure>\n\n\n\n<figure class=\"wp-block-image\"><img loading=\"lazy\" decoding=\"async\" width=\"25\" height=\"14\" src=\"http:\/\/jornalhorizontebh.com.br\/wp-content\/uploads\/2018\/12\/image.jpeg\" alt=\"\" class=\"wp-image-178\"\/><\/figure>\n\n\n\n<figure class=\"wp-block-image\"><img decoding=\"async\" src=\"https:\/\/s2.glbimg.com\/fXcDygBWkcG_iKckPIZwktuvLmg=\/0x0:1280x960\/984x0\/smart\/filters:strip_icc()\/i.s3.glbimg.com\/v1\/AUTH_59edd422c0c84a879bd37670ae4f538a\/internal_photos\/bs\/2018\/O\/A\/B6pKtRR8eSRS5JJbi6zQ\/whatsapp-image-2018-12-26-at-20.13.32.jpg\" alt=\"C\u00f3rrego Ferrugem, na Regi\u00e3o Oeste de Belo Horizonte, transbordou nesta quarta-feira \u2014 Foto: BHTrans\/Divulga\u00e7\u00e3o\"\/><\/figure>\n\n\n\n<p>C\u00f3rrego Ferrugem, na Regi\u00e3o Oeste de Belo Horizonte, transbordou nesta quarta-feira \u2014 Foto: BHTrans\/Divulga\u00e7\u00e3o<\/p>\n\n\n\n<p>O C\u00f3rrego Ferrugem, na Regi\u00e3o Oeste, na divisa com Contagem, na regi\u00e3o metropolitana, transbordou, de acordo com a Defesa Civil. A Avenida Teresa Cristina chegou a ser interditada por causa da inunda\u00e7\u00e3o.<\/p>\n\n\n\n<p>De acordo com o Instituto Nacional de Meteorologia (Inmet), a m\u00e1xima desta quarta foi de 27,9 \u00b0C, na Regi\u00e3o da Pampulha, e m\u00ednima de 18,1 \u00b0C na Esta\u00e7\u00e3o Cercadinho, que fica entre as regi\u00f5es Oeste e Centro-Sul.<\/p>\n\n\n\n<figure class=\"wp-block-image\"><img loading=\"lazy\" decoding=\"async\" width=\"25\" height=\"14\" src=\"http:\/\/jornalhorizontebh.com.br\/wp-content\/uploads\/2018\/12\/image.jpeg\" alt=\"\" class=\"wp-image-177\"\/><\/figure>\n\n\n\n<figure class=\"wp-block-image\"><img decoding=\"async\" src=\"https:\/\/s2.glbimg.com\/SGv5hmEGQo_HWlV7hYPy5lyNcpk=\/0x0:644x349\/984x0\/smart\/filters:strip_icc()\/i.s3.glbimg.com\/v1\/AUTH_59edd422c0c84a879bd37670ae4f538a\/internal_photos\/bs\/2018\/V\/1\/hxslBASuiwV6SqbOa9HQ\/chuva-danilo.jpg\" alt=\"Defesa Civil alerta para possibilidade de granizo e inunda\u00e7\u00e3o em BH \u2014 Foto: Reprodu\u00e7\u00e3o\/TV Globo\"\/><\/figure>\n\n\n\n<p>Defesa Civil alerta para possibilidade de granizo e inunda\u00e7\u00e3o em BH \u2014 Foto: Reprodu\u00e7\u00e3o\/TV Globo<\/p>\n\n\n\n<h2 class=\"wp-block-heading\">Acumulado de chuva<\/h2>\n\n\n\n<p>De acordo com a Defesa Civil, at\u00e9 \u00e0s 20h40, a quantidade registrada de chuva foi de:<\/p>\n\n\n\n<ul><li>Barreiro &#8211; 49,0 mm<\/li><li>Centro Sul &#8211; 23,6 mm<\/li><li>Leste &#8211; 33,4 mm<\/li><li>Nordeste &#8211; 41,6 mm<\/li><li>Noroeste &#8211; 40,8 mm<\/li><li>Norte &#8211; 42,8 mm<\/li><li>Oeste &#8211; 40,2 mm<\/li><li>Pampulha &#8211; 52 mm<\/li><li>Venda Nova &#8211; 43,6 mm<\/li><\/ul>\n","protected":false},"excerpt":{"rendered":"<p>A Defesa Civil emitiu alerta nesta quarta-feira (26) para risco de transbordamento dos c\u00f3rregos, Ressaca, dos Coqueiros, Flor D\u2019\u00c1gua e Sarandi na Regi\u00e3o da Pampulha, em Belo Horizonte. \u00c0s 19h30, chovia forte em v\u00e1rios pontos da capital. Nas avenidas Cristiano Machado, Sebasti\u00e3o de Brito e Antonio Carlos foram registrados alagamentos. No bairro Dona Clara, na [&hellip;]<\/p>\n","protected":false},"author":3,"featured_media":179,"comment_status":"open","ping_status":"open","sticky":false,"template":"","format":"standard","meta":{"footnotes":""},"categories":[2],"tags":[],"_links":{"self":[{"href":"https:\/\/jornalhorizonte.com.br\/index.php?rest_route=\/wp\/v2\/posts\/176"}],"collection":[{"href":"https:\/\/jornalhorizonte.com.br\/index.php?rest_route=\/wp\/v2\/posts"}],"about":[{"href":"https:\/\/jornalhorizonte.com.br\/index.php?rest_route=\/wp\/v2\/types\/post"}],"author":[{"embeddable":true,"href":"https:\/\/jornalhorizonte.com.br\/index.php?rest_route=\/wp\/v2\/users\/3"}],"replies":[{"embeddable":true,"href":"https:\/\/jornalhorizonte.com.br\/index.php?rest_route=%2Fwp%2Fv2%2Fcomments&post=176"}],"version-history":[{"count":0,"href":"https:\/\/jornalhorizonte.com.br\/index.php?rest_route=\/wp\/v2\/posts\/176\/revisions"}],"wp:featuredmedia":[{"embeddable":true,"href":"https:\/\/jornalhorizonte.com.br\/index.php?rest_route=\/wp\/v2\/media\/179"}],"wp:attachment":[{"href":"https:\/\/jornalhorizonte.com.br\/index.php?rest_route=%2Fwp%2Fv2%2Fmedia&parent=176"}],"wp:term":[{"taxonomy":"category","embeddable":true,"href":"https:\/\/jornalhorizonte.com.br\/index.php?rest_route=%2Fwp%2Fv2%2Fcategories&post=176"},{"taxonomy":"post_tag","embeddable":true,"href":"https:\/\/jornalhorizonte.com.br\/index.php?rest_route=%2Fwp%2Fv2%2Ftags&post=176"}],"curies":[{"name":"wp","href":"https:\/\/api.w.org\/{rel}","templated":true}]}}