{"id":1756,"date":"2025-02-16T18:47:22","date_gmt":"2025-02-16T18:47:22","guid":{"rendered":"https:\/\/jornalhorizonte.com.br\/?p=1756"},"modified":"2025-02-16T18:47:24","modified_gmt":"2025-02-16T18:47:24","slug":"governos-ocidentais-expandem-contatos-com-nova-lideranca-da-siria","status":"publish","type":"post","link":"https:\/\/jornalhorizonte.com.br\/?p=1756","title":{"rendered":"Governos ocidentais expandem contatos com nova lideran\u00e7a da S\u00edria"},"content":{"rendered":"\n<p>Novo governo s\u00edrio busca consolidar rela\u00e7\u00f5es e reconstruir reputa\u00e7\u00e3o<\/p>\n\n\n\n<p>Autoridades alem\u00e3s e francesas v\u00e3o se reunir com representantes das novas autoridades governamentais da S\u00edria em Damasco nesta ter\u00e7a-feira (17), ampliando os contatos ocidentais com a nova administra\u00e7\u00e3o. Diplomatas brit\u00e2nicos tamb\u00e9m se reuniram com o l\u00edder Ahmed al-Sharaa na segunda-feira (16).<\/p>\n\n\n\n<p>Nove dias ap\u00f3s a destitui\u00e7\u00e3o de Bashar al-Assad, o novo primeiro-ministro empossado pelo grupo isl\u00e2mico Hayat Tahrir al-Sham (HTS), de Sharaa, disse que o governo est\u00e1 enfrentando reservas monet\u00e1rias muito baixas e pediu a suspens\u00e3o das san\u00e7\u00f5es.<\/p>\n\n\n\n<p>Os\u00a0<a href=\"https:\/\/www.cnnbrasil.com.br\/internacional\/americo-martins-ocidente-quer-estabilizar-situacao-na-siria-apos-queda-de-assad\/\" target=\"_blank\" rel=\"noreferrer noopener\">pa\u00edses ocidentais est\u00e3o gradualmente abrindo canais<\/a>\u00a0para as novas autoridades em Damasco lideradas pelo HTS, embora continuem a<a href=\"https:\/\/www.cnnbrasil.com.br\/internacional\/eua-dizem-que-nao-estao-revisando-classificacao-de-grupo-rebelde-sirio-como-terrorista\/\" target=\"_blank\" rel=\"noreferrer noopener\">\u00a0design\u00e1-lo como um grupo terrorista.<\/a><\/p>\n\n\n\n<p>Na segunda-feira, Sharaa, anteriormente conhecido por seu nome de guerra Abu Mohammed al-Golani, reuniu-se com uma delega\u00e7\u00e3o do Minist\u00e9rio das Rela\u00e7\u00f5es Exteriores brit\u00e2nico. Ele enfatizou a necessidade de restabelecer os la\u00e7os e suspender as san\u00e7\u00f5es contra a S\u00edria para que os refugiados s\u00edrios possam voltar para casa, informou a ag\u00eancia de not\u00edcias estatal s\u00edria SANA.<\/p>\n\n\n\n<p>Fotos publicadas pela SANA mostraram Sharaa, cujo grupo fazia parte da Al Qaeda at\u00e9 romper os la\u00e7os em 2016, sentado durante a reuni\u00e3o, seu encontro de mais alto n\u00edvel com uma autoridade de governo ocidental desde que o HTS tomou o poder.<\/p>\n\n\n\n<p>As imagens destacam a mudan\u00e7a geopol\u00edtica desde que Assad foi derrubado pelas for\u00e7as lideradas pelo HTS, um golpe para os aliados russos e iranianos do antigo governo.<\/p>\n\n\n\n<p>Mas, pelo menos por enquanto, qualquer abertura ocidental requer manobras para contornar tanto a designa\u00e7\u00e3o de terrorismo imposta ao HTS durante seus dias como afiliado da Al Qaeda quanto as san\u00e7\u00f5es financeiras impostas a Damasco durante o governo de Assad.<\/p>\n\n\n\n<p>Sharaa \u201cfalou sobre a necessidade de construir um Estado de direito e institui\u00e7\u00f5es, e estabelecer a seguran\u00e7a\u201d, informou a SANA. \u201cEle tamb\u00e9m falou sobre o importante papel do Reino Unido internacionalmente.\u201d<\/p>\n\n\n\n<p>Antes da reuni\u00e3o, o ministro brit\u00e2nico das Rela\u00e7\u00f5es Exteriores, David Lammy, disse que Londres havia enviado uma delega\u00e7\u00e3o de autoridades graduadas a Damasco para se reunir com as novas autoridades s\u00edrias interinas e grupos da sociedade civil.<\/p>\n\n\n\n<blockquote class=\"wp-block-quote\">\n<p><a href=\"https:\/\/stories.cnnbrasil.com.br\/internacional\/quem-e-a-familia-de-bashar-al-assad-que-governou-a-siria-por-mais-de-meio-seculo\/\">Quem \u00e9 a fam\u00edlia de Bashar al-Assad, que governou a S\u00edria por mais de meio s\u00e9culo<\/a><\/p>\n<\/blockquote>\n\n\n\n<p><\/p>\n","protected":false},"excerpt":{"rendered":"<p>Novo governo s\u00edrio busca consolidar rela\u00e7\u00f5es e reconstruir reputa\u00e7\u00e3o Autoridades alem\u00e3s e francesas v\u00e3o se reunir com representantes das novas autoridades governamentais da S\u00edria em Damasco nesta ter\u00e7a-feira (17), ampliando os contatos ocidentais com a nova administra\u00e7\u00e3o. Diplomatas brit\u00e2nicos tamb\u00e9m se reuniram com o l\u00edder Ahmed al-Sharaa na segunda-feira (16). Nove dias ap\u00f3s a destitui\u00e7\u00e3o [&hellip;]<\/p>\n","protected":false},"author":4,"featured_media":1757,"comment_status":"open","ping_status":"open","sticky":false,"template":"","format":"standard","meta":{"footnotes":""},"categories":[19],"tags":[],"_links":{"self":[{"href":"https:\/\/jornalhorizonte.com.br\/index.php?rest_route=\/wp\/v2\/posts\/1756"}],"collection":[{"href":"https:\/\/jornalhorizonte.com.br\/index.php?rest_route=\/wp\/v2\/posts"}],"about":[{"href":"https:\/\/jornalhorizonte.com.br\/index.php?rest_route=\/wp\/v2\/types\/post"}],"author":[{"embeddable":true,"href":"https:\/\/jornalhorizonte.com.br\/index.php?rest_route=\/wp\/v2\/users\/4"}],"replies":[{"embeddable":true,"href":"https:\/\/jornalhorizonte.com.br\/index.php?rest_route=%2Fwp%2Fv2%2Fcomments&post=1756"}],"version-history":[{"count":1,"href":"https:\/\/jornalhorizonte.com.br\/index.php?rest_route=\/wp\/v2\/posts\/1756\/revisions"}],"predecessor-version":[{"id":1758,"href":"https:\/\/jornalhorizonte.com.br\/index.php?rest_route=\/wp\/v2\/posts\/1756\/revisions\/1758"}],"wp:featuredmedia":[{"embeddable":true,"href":"https:\/\/jornalhorizonte.com.br\/index.php?rest_route=\/wp\/v2\/media\/1757"}],"wp:attachment":[{"href":"https:\/\/jornalhorizonte.com.br\/index.php?rest_route=%2Fwp%2Fv2%2Fmedia&parent=1756"}],"wp:term":[{"taxonomy":"category","embeddable":true,"href":"https:\/\/jornalhorizonte.com.br\/index.php?rest_route=%2Fwp%2Fv2%2Fcategories&post=1756"},{"taxonomy":"post_tag","embeddable":true,"href":"https:\/\/jornalhorizonte.com.br\/index.php?rest_route=%2Fwp%2Fv2%2Ftags&post=1756"}],"curies":[{"name":"wp","href":"https:\/\/api.w.org\/{rel}","templated":true}]}}