{"id":1753,"date":"2025-02-16T18:41:45","date_gmt":"2025-02-16T18:41:45","guid":{"rendered":"https:\/\/jornalhorizonte.com.br\/?p=1753"},"modified":"2025-02-16T18:41:47","modified_gmt":"2025-02-16T18:41:47","slug":"por-que-israel-capturou-montanha-mais-alta-da-siria-apos-queda-de-assad","status":"publish","type":"post","link":"https:\/\/jornalhorizonte.com.br\/?p=1753","title":{"rendered":"Por que Israel capturou montanha mais alta da S\u00edria ap\u00f3s queda de Assad"},"content":{"rendered":"\n<p>Autoridades israelenses dizem que ocupa\u00e7\u00e3o \u00e9 tempor\u00e1ria, mas mobilizaram Ex\u00e9rcito para permanecer na \u00e1rea<\/p>\n\n\n\n<p>Israel agiu rapidamente ap\u00f3s a queda de Bashar al-Assad na S\u00edria para bombardear todos os ativos militares que o pa\u00eds quer manter fora das m\u00e3os dos rebeldes \u2014 atingindo quase 500 alvos, destruindo a Marinha e eliminando, segundo o governo de Benjamin Netanyahu, 90% dos m\u00edsseis terra-ar conhecidos da S\u00edria.<\/p>\n\n\n\n<p>Mas \u00e9 a captura por Israel do pico mais alto da S\u00edria, o cume do Monte Hermon, que pode estar entre as a\u00e7\u00f5es mais duradouras \u2014 embora autoridades tenham insistido que sua ocupa\u00e7\u00e3o \u00e9 tempor\u00e1ria.<\/p>\n\n\n\n<p>\u201cEste \u00e9 o lugar mais alto da regi\u00e3o, olhando para o L\u00edbano, para a S\u00edria, para Israel\u201d, destacou Efraim Inbar, diretor do Instituto de Estrat\u00e9gia e Seguran\u00e7a de Jerusal\u00e9m (JISS).<\/p>\n\n\n\n<p>\u201c\u00c9 estrategicamente extremamente importante. N\u00e3o h\u00e1 substituto para montanhas\u201d, adicionou.<\/p>\n\n\n\n<p>O cume do Monte Hermon fica na S\u00edria, em uma zona desmilitarizada que separou as for\u00e7as israelenses e s\u00edrias por cinquenta anos \u2014 at\u00e9 o \u00faltimo fim de semana, quando as tropas israelenses assumiram o controle da \u00e1rea.<\/p>\n\n\n\n<p>At\u00e9 domingo (15), o cume era desmilitarizado e patrulhado por for\u00e7as de paz da ONU, sua posi\u00e7\u00e3o permanente mais alta no mundo.<\/p>\n\n\n\n<p>O ministro da defesa de Israel, Israel Katz,&nbsp;<a href=\"https:\/\/www.cnnbrasil.com.br\/internacional\/israel-orienta-exercito-a-continuar-em-territorio-capturado-da-siria\/\" target=\"_blank\" rel=\"noreferrer noopener\">ordenou que os militares se preparem para as duras condi\u00e7\u00f5es<\/a>&nbsp;de mobiliza\u00e7\u00e3o no inverno. \u201cDevido aos acontecimentos na S\u00edria, \u00e9 de imensa import\u00e2ncia para a seguran\u00e7a manter nosso controle sobre o cume do Monte Hermon\u201d, alegou ele em um comunicado.<\/p>\n\n\n\n<p>As For\u00e7as de Defesa de Israel (FDI) avan\u00e7aram al\u00e9m do cume, at\u00e9 Beqaasem, a cerca de 25 quil\u00f4metros da capital s\u00edria, de acordo com a Voice of the Capital, um grupo ativista s\u00edrio. A&nbsp;<strong>CNN<\/strong>&nbsp;n\u00e3o p\u00f4de confirmar essa alega\u00e7\u00e3o de forma independente.<\/p>\n\n\n\n<p>Um porta-voz militar israelense negou nesta semana que as for\u00e7as estivessem \u201cavan\u00e7ando em dire\u00e7\u00e3o\u201d a Damasco.<\/p>\n\n\n\n<p>Israel capturou as Colinas de Gol\u00e3, um planalto estrat\u00e9gico no sudoeste da S\u00edria que faz fronteira com o Monte Hermon, na guerra de 1967 e o ocupou desde ent\u00e3o.<\/p>\n\n\n\n<p>A S\u00edria tentou retomar o territ\u00f3rio em um ataque surpresa em 1973, mas falhou, e Israel o anexou em 1981. A ocupa\u00e7\u00e3o \u00e9 ilegal sob a lei internacional, mas os Estados Unidos reconheceram a reivindica\u00e7\u00e3o de Israel sobre o Gol\u00e3 durante o governo Trump.<\/p>\n\n\n\n<p>Israel tem controlado por d\u00e9cadas algumas encostas mais baixas do Monte Hermon, e at\u00e9 opera uma esta\u00e7\u00e3o de esqui l\u00e1, mas o pico permaneceu na S\u00edria propriamente dita.<\/p>\n\n\n\n<p>\u201cN\u00e3o temos inten\u00e7\u00e3o de intervir nos assuntos internos da S\u00edria\u201d, anunciou o primeiro-ministro Benjamin Netanyahu em um v\u00eddeo dias ap\u00f3s Israel bombardear centenas de alvos s\u00edrios e tomar a zona desmilitarizada.<\/p>\n\n\n\n<p>\u201cMas certamente pretendemos fazer tudo o que for necess\u00e1rio para cuidar da nossa seguran\u00e7a\u201d, adicionou.<\/p>\n\n\n\n<h2 class=\"wp-block-heading\">Monte Hermon \u00e9 trunfo para Israel<\/h2>\n\n\n\n<p>O cume do Monte Hermon \u00e9 um tremendo trunfo sob o controle de Israel. Com 2.814 metros, \u00e9 mais alto do que qualquer ponto na S\u00edria ou Israel, e fica atr\u00e1s apenas de um pico no L\u00edbano.<\/p>\n\n\n\n<p>\u201cAs pessoas \u00e0s vezes dizem que, na era dos m\u00edsseis, a terra n\u00e3o \u00e9 importante \u2014 \u00e9 simplesmente falso\u201d, avaliou Inbar.<\/p>\n\n\n\n<p>Em um artigo acad\u00eamico publicado em 2011, ele escreveu sobre as muitas vantagens apresentadas pelo Monte Hermon.<\/p>\n\n\n\n<p>\u201cEle permite o uso de vigil\u00e2ncia eletr\u00f4nica em territ\u00f3rio s\u00edrio, dando a Israel capacidade de alerta antecipado em caso de um ataque iminente\u201d, escreveu ele.<\/p>\n\n\n\n<p>Alternativas tecnol\u00f3gicas avan\u00e7adas como vigil\u00e2ncia a\u00e9rea, ele argumentou, simplesmente n\u00e3o eram compar\u00e1veis.<\/p>\n\n\n\n<p>\u201cAo contr\u00e1rio de uma instala\u00e7\u00e3o em uma montanha, elas n\u00e3o podem carregar equipamentos pesados, como grandes antenas, e podem ser derrubadas por m\u00edsseis antia\u00e9reos\u201d, ponderou.<\/p>\n\n\n\n<p>O pico fica a pouco mais de 35 quil\u00f4metros de Damasco, o que significa que o controle dele colocou a capital s\u00edria ao alcance de canh\u00f5es de artilharia.<\/p>\n\n\n\n<h2 class=\"wp-block-heading\">L\u00edder rebelde da S\u00edria acusa Israel<\/h2>\n\n\n\n<p>O l\u00edder rebelde s\u00edrio Mohammad al-Jolani acusou Israel de cruzar \u201cas linhas de engajamento\u201d com suas a\u00e7\u00f5es no pa\u00eds, enquanto um grupo de vizinhos do pa\u00eds pediu que o pa\u00eds que retirasse suas for\u00e7as de todos os territ\u00f3rios s\u00edrios.<\/p>\n\n\n\n<p>Ap\u00f3s se reunir em Aqaba com autoridades da Turquia, Iraque, Egito e Comiss\u00e3o Europeia, o vice-primeiro-ministro da Jord\u00e2nia, Ayman Safadi, acusou Israel de tentar explorar um v\u00e1cuo de poder no pa\u00eds vizinho.<\/p>\n\n\n\n<p>Safadi alertou que a estabilidade do pa\u00eds \u00e9 um \u201cpilar da seguran\u00e7a da regi\u00e3o\u201d e que se\u00a0<a href=\"https:\/\/www.cnnbrasil.com.br\/internacional\/chefe-da-onu-expressa-preocupacao-com-violacoes-da-soberania-da-siria\/\" target=\"_blank\" rel=\"noreferrer noopener\">Israel n\u00e3o respeitar a soberania s\u00edria<\/a>, arriscaria \u201cuma explos\u00e3o da situa\u00e7\u00e3o\u201d.<\/p>\n\n\n\n<p>Netanyahu, enquanto isso, insistiu que sua \u201cm\u00e3o est\u00e1 estendida\u201d ao novo governo na S\u00edria. Mas, no mundo ap\u00f3s o ataque do Hamas, em 7 de outubro de 2023, ele e outros funcion\u00e1rios importantes da \u00e1rea de seguran\u00e7a nacional deixaram claro que n\u00e3o v\u00e3o correr riscos.<\/p>\n\n\n\n<p>\u201cNa maioria das vezes, \u00e9 um conforto para n\u00f3s\u201d, ressaltou o brigadeiro-general aposentado Israel Ziv sobre as opera\u00e7\u00f5es de Israel na S\u00edria. \u201cAprendemos o que aconteceu em outros pa\u00edses quando voc\u00ea tem uma organiza\u00e7\u00e3o terrorista que captura equipamento militar\u201d, complementou.<\/p>\n\n\n\n<h2 class=\"wp-block-heading\">Netanyahu diz que ocupa\u00e7\u00e3o na S\u00edria \u00e9 tempor\u00e1ria<\/h2>\n\n\n\n<p>Benjamin Netanyahu tamb\u00e9m insistiu que a ocupa\u00e7\u00e3o \u00e9 tempor\u00e1ria. \u201cIsrael n\u00e3o permitir\u00e1 que grupos jihadistas preencham esse v\u00e1cuo e ameacem comunidades israelenses nas Colinas de Gol\u00e3 com ataques no estilo de 7 de outubro\u201d, pontuou.<\/p>\n\n\n\n<p>Seus crit\u00e9rios para retirada dos militares da \u00e1rea, segundo destacou, s\u00e3o uma for\u00e7a s\u00edria \u201cque esteja comprometida com o acordo de 1974 pode ser estabelecida e a seguran\u00e7a em nossa fronteira pode ser garantida\u201d.<\/p>\n\n\n\n<p>N\u00e3o est\u00e1 claro quando isso pode ser alcan\u00e7ado.<\/p>\n\n\n\n<p>Efraim Inbar, diretor do Instituto de Estrat\u00e9gia e Seguran\u00e7a de Jerusal\u00e9m (JISS), avalia, por fim que a retirada dos militares israelenses da \u00e1rea \u201c\u00e9 uma decis\u00e3o pol\u00edtica\u201d.<\/p>\n\n\n\n<h2 class=\"wp-block-heading\"><strong>Entenda o conflito na S\u00edria<\/strong><\/h2>\n\n\n\n<p>O regime da fam\u00edlia Assad foi derrubado na S\u00edria&nbsp;<a href=\"https:\/\/www.cnnbrasil.com.br\/internacional\/rebeldes-sirios-declaram-damasco-livre-e-dizem-que-assad-fugiu\/\" target=\"_blank\" rel=\"noreferrer noopener\">no dia 8 de dezembro, ap\u00f3s 50 anos no poder<\/a>, quando grupos rebeldes tomaram a capital Damasco.<\/p>\n\n\n\n<p>O presidente&nbsp;<a href=\"https:\/\/www.cnnbrasil.com.br\/internacional\/assad-deixou-a-siria-com-instrucoes-de-transferir-o-poder-pacificamente-diz-russia\/\" target=\"_blank\" rel=\"noreferrer noopener\">Bashar al-Assad fugiu do pa\u00eds<\/a>&nbsp;e est\u00e1 em Moscou ap\u00f3s ter conseguido asilo, segundo uma fonte na R\u00fassia.<a href=\"https:\/\/www.cnnbrasil.com.br\/internacional\/entenda-como-o-conflito-na-siria-comecou-e-por-que-ha-novos-ataques\/\" target=\"_blank\" rel=\"noreferrer noopener\">A guerra civil da S\u00edria come\u00e7ou durante<\/a>&nbsp;a Primavera \u00c1rabe, em 2011, quando o regime de&nbsp;<a href=\"https:\/\/www.cnnbrasil.com.br\/internacional\/analise-ilusao-do-dominio-de-assad-sobre-a-siria-se-desfaz-com-ofensiva-rebelde\/\" target=\"_blank\" rel=\"noreferrer noopener\">Bashar al-Assad<\/a>&nbsp;reprimiu uma revolta pr\u00f3-democracia.<\/p>\n\n\n\n<p>O pa\u00eds mergulhou em um conflito em grande escala quando uma for\u00e7a rebelde foi formada, conhecida como Ex\u00e9rcito S\u00edrio Livre, para combater as tropas do governo.<\/p>\n\n\n\n<p>Al\u00e9m disso, o Estado Isl\u00e2mico, um grupo terrorista, tamb\u00e9m conseguiu se firmar no pa\u00eds e chegou a controlar 70% do territ\u00f3rio s\u00edrio<\/p>\n\n\n\n<p>Os combates aumentaram \u00e0 medida que outros atores regionais e pot\u00eancias mundiais \u2014 da Ar\u00e1bia Saudita, Ir\u00e3, Estados Unidos \u00e0 R\u00fassia \u2014 se juntaram, intensificando a guerra no pa\u00eds para o que alguns observadores descreveram como uma \u201cguerra por procura\u00e7\u00e3o\u201d.<\/p>\n\n\n\n<p>A R\u00fassia se aliou ao governo de Bashar al-Assad para combater o Estado Isl\u00e2mico e os rebeldes, enquanto os Estados Unidos lideraram uma coaliz\u00e3o internacional para repelir o grupo terrorista.<\/p>\n\n\n\n<p>Ap\u00f3s um acordo de cessar-fogo em 2020, o conflito permaneceu em grande parte \u201cadormecido\u201d, com confrontos pequenos entre os rebeldes e o regime de Assad.<\/p>\n\n\n\n<p>Mais de 300 mil civis foram mortos em mais de uma d\u00e9cada de guerra, de acordo com a ONU, e milh\u00f5es de pessoas foram deslocadas pela regi\u00e3o.<\/p>\n\n\n\n<p><em>*Mike Schwartz e Tim Lister contribu\u00edram para esta reportagem<\/em><\/p>\n\n\n\n<blockquote class=\"wp-block-quote\">\n<p><a href=\"https:\/\/stories.cnnbrasil.com.br\/internacional\/saiba-quem-e-o-lider-rebelde-sirio-e-o-grupo-que-derrubou-bashar-al-assad\/\">Saiba quem \u00e9 o l\u00edder rebelde s\u00edrio e o grupo que derrubou Bashar al-Assad<\/a><\/p>\n<\/blockquote>\n","protected":false},"excerpt":{"rendered":"<p>Autoridades israelenses dizem que ocupa\u00e7\u00e3o \u00e9 tempor\u00e1ria, mas mobilizaram Ex\u00e9rcito para permanecer na \u00e1rea Israel agiu rapidamente ap\u00f3s a queda de Bashar al-Assad na S\u00edria para bombardear todos os ativos militares que o pa\u00eds quer manter fora das m\u00e3os dos rebeldes \u2014 atingindo quase 500 alvos, destruindo a Marinha e eliminando, segundo o governo de [&hellip;]<\/p>\n","protected":false},"author":4,"featured_media":1754,"comment_status":"open","ping_status":"open","sticky":false,"template":"","format":"standard","meta":{"footnotes":""},"categories":[19],"tags":[],"_links":{"self":[{"href":"https:\/\/jornalhorizonte.com.br\/index.php?rest_route=\/wp\/v2\/posts\/1753"}],"collection":[{"href":"https:\/\/jornalhorizonte.com.br\/index.php?rest_route=\/wp\/v2\/posts"}],"about":[{"href":"https:\/\/jornalhorizonte.com.br\/index.php?rest_route=\/wp\/v2\/types\/post"}],"author":[{"embeddable":true,"href":"https:\/\/jornalhorizonte.com.br\/index.php?rest_route=\/wp\/v2\/users\/4"}],"replies":[{"embeddable":true,"href":"https:\/\/jornalhorizonte.com.br\/index.php?rest_route=%2Fwp%2Fv2%2Fcomments&post=1753"}],"version-history":[{"count":1,"href":"https:\/\/jornalhorizonte.com.br\/index.php?rest_route=\/wp\/v2\/posts\/1753\/revisions"}],"predecessor-version":[{"id":1755,"href":"https:\/\/jornalhorizonte.com.br\/index.php?rest_route=\/wp\/v2\/posts\/1753\/revisions\/1755"}],"wp:featuredmedia":[{"embeddable":true,"href":"https:\/\/jornalhorizonte.com.br\/index.php?rest_route=\/wp\/v2\/media\/1754"}],"wp:attachment":[{"href":"https:\/\/jornalhorizonte.com.br\/index.php?rest_route=%2Fwp%2Fv2%2Fmedia&parent=1753"}],"wp:term":[{"taxonomy":"category","embeddable":true,"href":"https:\/\/jornalhorizonte.com.br\/index.php?rest_route=%2Fwp%2Fv2%2Fcategories&post=1753"},{"taxonomy":"post_tag","embeddable":true,"href":"https:\/\/jornalhorizonte.com.br\/index.php?rest_route=%2Fwp%2Fv2%2Ftags&post=1753"}],"curies":[{"name":"wp","href":"https:\/\/api.w.org\/{rel}","templated":true}]}}