{"id":1750,"date":"2025-02-16T18:35:14","date_gmt":"2025-02-16T18:35:14","guid":{"rendered":"https:\/\/jornalhorizonte.com.br\/?p=1750"},"modified":"2025-02-16T18:35:15","modified_gmt":"2025-02-16T18:35:15","slug":"fim-suave-de-sancoes-a-siria-ajudaria-a-atender-necessidades-diz-onu","status":"publish","type":"post","link":"https:\/\/jornalhorizonte.com.br\/?p=1750","title":{"rendered":"Fim suave de san\u00e7\u00f5es \u00e0 S\u00edria ajudaria a atender necessidades, diz ONU"},"content":{"rendered":"\n<p>Estados Unidos, Reino Unido, Uni\u00e3o Europeia e outros pa\u00edses impuseram duras san\u00e7\u00f5es ao pa\u00eds depois que a repress\u00e3o de Assad aos protestos pr\u00f3-democracia em 2011 se transformou em uma guerra civil<\/p>\n\n\n\n<p>Movimentos concretos para uma transi\u00e7\u00e3o pol\u00edtica inclusiva na S\u00edria ser\u00e3o fundamentais para garantir que o pa\u00eds receba o apoio econ\u00f4mico de que necessita, disse nesta ter\u00e7a-feira (17) o enviado especial da ONU para a S\u00edria, Geir Pedersen, ao Conselho de Seguran\u00e7a da organiza\u00e7\u00e3o.<\/p>\n\n\n\n<p>\u201cH\u00e1 uma clara vontade internacional de se engajar. As necessidades s\u00e3o imensas e podem ser atendidas apenas com um amplo apoio, incluindo o fim suave das san\u00e7\u00f5es, a\u00e7\u00f5es apropriadas tamb\u00e9m nas designa\u00e7\u00f5es e reconstru\u00e7\u00e3o total\u201d, disse.<\/p>\n\n\n\n<p>Pedersen e o chefe de aux\u00edlio da ONU, Tom Fletcher, prestaram informa\u00e7\u00f5es ao conselho de 15 membros a partir de Damasco, onde se reuniram com\u00a0<a href=\"https:\/\/www.cnnbrasil.com.br\/internacional\/lider-rebelde-sirio-pede-reavaliacao-de-resolucao-da-onu-em-reuniao-com-enviado\/\">os novos l\u00edderes do pa\u00eds ap\u00f3s o presidente Bashar al-Assad ser deposto<\/a>\u00a0por for\u00e7as insurgentes lideradas pelo grupo isl\u00e2mico Hayat Tahrir al-Sham (HTS).<\/p>\n\n\n\n<p>Estados Unidos, Reino Unido, Uni\u00e3o Europeia e outros pa\u00edses impuseram&nbsp;<a href=\"https:\/\/www.cnnbrasil.com.br\/internacional\/assad-detalha-fuga-em-primeiro-comunicado-apos-queda-de-regime\/\">duras san\u00e7\u00f5es \u00e0 S\u00edria depois que a repress\u00e3o de Assad<\/a>&nbsp;aos protestos pr\u00f3-democracia em 2011 se transformou em uma guerra civil. Mas a nova realidade na S\u00edria est\u00e1 ainda mais complicada pelas san\u00e7\u00f5es impostas ao grupo isl\u00e2mico HTS por seus dias como afiliado da Al Qaeda.<\/p>\n\n\n\n<p>Anteriormente conhecido como Frente Nusra, o HTS era o bra\u00e7o oficial da Al Qaeda na S\u00edria at\u00e9 romperem la\u00e7os em 2016. Al\u00e9m das medidas unilaterais, o grupo tamb\u00e9m est\u00e1 na lista de san\u00e7\u00f5es do Conselho de Seguran\u00e7a da ONU contra a Al Qaeda e o Estado Isl\u00e2mico h\u00e1 mais de uma d\u00e9cada, sujeito a um congelamento global de ativos e a um embargo de armas.<\/p>\n\n\n\n<p>Fletcher fez um apelo a todos os pa\u00edses para que garantam que \u201cas san\u00e7\u00f5es e as medidas antiterrorismo n\u00e3o impe\u00e7am as opera\u00e7\u00f5es humanit\u00e1rias\u201d na S\u00edria.<\/p>\n\n\n\n<p>\u201cA&nbsp;<a href=\"https:\/\/www.cnnbrasil.com.br\/internacional\/agencia-da-onu-espera-que-1-milhao-de-sirios-retornem-ao-pais-ate-junho\/\">S\u00edria j\u00e1 era uma das maiores crises humanit\u00e1rias do mundo<\/a>, com 17 milh\u00f5es de pessoas \u2014 mais de 70% da popula\u00e7\u00e3o \u2014 precisando de apoio\u201d, disse, ao conselho.<\/p>\n\n\n\n<p>H\u00e1 uma isen\u00e7\u00e3o humanit\u00e1ria para as san\u00e7\u00f5es da ONU sobre o HTS que permite \u201co fornecimento, o processamento ou o pagamento de fundos, outros ativos financeiros ou recursos econ\u00f4micos, ou o fornecimento de bens e servi\u00e7os necess\u00e1rios para garantir a entrega oportuna de assist\u00eancia humanit\u00e1ria ou para apoiar outras atividades que apoiem as necessidades humanas b\u00e1sicas\u201d.<\/p>\n\n\n\n<blockquote class=\"wp-block-quote\">\n<p><a href=\"https:\/\/stories.cnnbrasil.com.br\/internacional\/saiba-quem-e-o-lider-rebelde-sirio-e-o-grupo-que-derrubou-bashar-al-assad\/\">Saiba quem \u00e9 o l\u00edder rebelde s\u00edrio e o grupo que derrubou Bashar al-Assad<\/a><\/p>\n<\/blockquote>\n","protected":false},"excerpt":{"rendered":"<p>Estados Unidos, Reino Unido, Uni\u00e3o Europeia e outros pa\u00edses impuseram duras san\u00e7\u00f5es ao pa\u00eds depois que a repress\u00e3o de Assad aos protestos pr\u00f3-democracia em 2011 se transformou em uma guerra civil Movimentos concretos para uma transi\u00e7\u00e3o pol\u00edtica inclusiva na S\u00edria ser\u00e3o fundamentais para garantir que o pa\u00eds receba o apoio econ\u00f4mico de que necessita, disse [&hellip;]<\/p>\n","protected":false},"author":4,"featured_media":1751,"comment_status":"open","ping_status":"open","sticky":false,"template":"","format":"standard","meta":{"footnotes":""},"categories":[19],"tags":[],"_links":{"self":[{"href":"https:\/\/jornalhorizonte.com.br\/index.php?rest_route=\/wp\/v2\/posts\/1750"}],"collection":[{"href":"https:\/\/jornalhorizonte.com.br\/index.php?rest_route=\/wp\/v2\/posts"}],"about":[{"href":"https:\/\/jornalhorizonte.com.br\/index.php?rest_route=\/wp\/v2\/types\/post"}],"author":[{"embeddable":true,"href":"https:\/\/jornalhorizonte.com.br\/index.php?rest_route=\/wp\/v2\/users\/4"}],"replies":[{"embeddable":true,"href":"https:\/\/jornalhorizonte.com.br\/index.php?rest_route=%2Fwp%2Fv2%2Fcomments&post=1750"}],"version-history":[{"count":1,"href":"https:\/\/jornalhorizonte.com.br\/index.php?rest_route=\/wp\/v2\/posts\/1750\/revisions"}],"predecessor-version":[{"id":1752,"href":"https:\/\/jornalhorizonte.com.br\/index.php?rest_route=\/wp\/v2\/posts\/1750\/revisions\/1752"}],"wp:featuredmedia":[{"embeddable":true,"href":"https:\/\/jornalhorizonte.com.br\/index.php?rest_route=\/wp\/v2\/media\/1751"}],"wp:attachment":[{"href":"https:\/\/jornalhorizonte.com.br\/index.php?rest_route=%2Fwp%2Fv2%2Fmedia&parent=1750"}],"wp:term":[{"taxonomy":"category","embeddable":true,"href":"https:\/\/jornalhorizonte.com.br\/index.php?rest_route=%2Fwp%2Fv2%2Fcategories&post=1750"},{"taxonomy":"post_tag","embeddable":true,"href":"https:\/\/jornalhorizonte.com.br\/index.php?rest_route=%2Fwp%2Fv2%2Ftags&post=1750"}],"curies":[{"name":"wp","href":"https:\/\/api.w.org\/{rel}","templated":true}]}}