{"id":1747,"date":"2025-02-16T18:32:30","date_gmt":"2025-02-16T18:32:30","guid":{"rendered":"https:\/\/jornalhorizonte.com.br\/?p=1747"},"modified":"2025-02-16T18:32:31","modified_gmt":"2025-02-16T18:32:31","slug":"morte-de-general-na-russia-veja-o-que-se-sabe-sobre-o-caso","status":"publish","type":"post","link":"https:\/\/jornalhorizonte.com.br\/?p=1747","title":{"rendered":"Morte de general na R\u00fassia: Veja o que se sabe sobre o caso"},"content":{"rendered":"\n<p>Igor Kirillov era acusado de usar armas qu\u00edmicas na guerra da Ucr\u00e2nia; ele e assistente foram mortos em explos\u00e3o<\/p>\n\n\n\n<p>O assassinato do tenente-general Igor Kirillov, que chefiava as for\u00e7as de prote\u00e7\u00e3o nuclear, biol\u00f3gica e qu\u00edmica da R\u00fassia, em Moscou, na manh\u00e3 desta ter\u00e7a-feira (17) chamou a aten\u00e7\u00e3o da comunidade internacional.<\/p>\n\n\n\n<p>Kirillov foi morto junto a um assistente enquanto saia de um pr\u00e9dio. Uma investiga\u00e7\u00e3o sobre as mortes est\u00e1 em andamento, destacaram autoridades, acrescentando que investigadores, especialistas forenses e servi\u00e7os operacionais est\u00e3o trabalhando no local.<\/p>\n\n\n\n<p>Veja o que se sabe sobre o caso:<\/p>\n\n\n\n<h2 class=\"wp-block-heading\">Como o general russo morreu?<\/h2>\n\n\n\n<p>Igor Kirillov e seu assistente foram mortos por um&nbsp;<a href=\"https:\/\/www.cnnbrasil.com.br\/internacional\/explosao-em-moscou-mata-pessoas-diz-midia-russa\/\" target=\"_blank\" rel=\"noreferrer noopener\">dispositivo explosivo plantado em uma scooter el\u00e9trica<\/a>, de acordo com o comit\u00ea investigativo russo.<\/p>\n\n\n\n<p><a href=\"https:\/\/www.cnnbrasil.com.br\/internacional\/video-veja-momento-da-explosao-que-matou-general-russo-em-moscou\/\" target=\"_blank\" rel=\"noreferrer noopener\">No v\u00eddeo que mostra a explos\u00e3o,<\/a>&nbsp;\u00e9 poss\u00edvel ver dois homens saindo de um edif\u00edcio residencial, com um deles carregando o que parece ser uma caixa em uma m\u00e3o e uma pasta na outra.<\/p>\n\n\n\n<p>Embora o v\u00eddeo esteja um pouco desfocado, o contorno do que parece ser uma scooter \u2014 tipo de motocicleta \u2014 pode ser visto perto da sa\u00edda do pr\u00e9dio, estacionada \u00e0 direita da porta.<\/p>\n\n\n\n<p>Eles pareciam estar caminhando em dire\u00e7\u00e3o a um carro que os esperava a poucos metros da porta com os far\u00f3is acesos. Antes que eles possam alcan\u00e7\u00e1-lo, o explosivo detona.<\/p>\n\n\n\n<h2 class=\"wp-block-heading\">Quem est\u00e1 por tr\u00e1s do assassinato?<\/h2>\n\n\n\n<p>Uma fonte afirmou \u00e0&nbsp;<strong>CNN<\/strong>&nbsp;que os servi\u00e7os de seguran\u00e7a da Ucr\u00e2nia est\u00e3o por tr\u00e1s do assassinato de Kirillov.<\/p>\n\n\n\n<p>\u201cKirillov era um criminoso de guerra e um alvo absolutamente leg\u00edtimo, pois deu ordens para uso de subst\u00e2ncias qu\u00edmicas proibidas contra militares ucranianos\u201d, relatou a fonte \u00e0&nbsp;<strong>CNN<\/strong>.<\/p>\n\n\n\n<h2 class=\"wp-block-heading\">Quem era o general russo assassinado?<\/h2>\n\n\n\n<p>O tenente-general Igor Kirillov era o chefe das for\u00e7as de prote\u00e7\u00e3o nuclear, biol\u00f3gica e qu\u00edmica da R\u00fassia, com o t\u00edtulo oficial de Chefe das Tropas de Defesa de Radia\u00e7\u00e3o, Qu\u00edmica e Biol\u00f3gica das For\u00e7as Armadas russas.<\/p>\n\n\n\n<p>Ele estava no cargo h\u00e1 mais de sete anos, foi nomeado em 2017 ap\u00f3s comandar a Academia Militar de Radia\u00e7\u00e3o, Defesa Qu\u00edmica e Biol\u00f3gica do pa\u00eds entre 2014 e 2017, segundo a m\u00eddia estatal russa TASS.<\/p>\n\n\n\n<h2 class=\"wp-block-heading\">R\u00fassia investiga caso como \u201cato terrorista\u201d<\/h2>\n\n\n\n<p>O comit\u00ea investigativo da R\u00fassia diz que a apura\u00e7\u00e3o do caso est\u00e1 em andamento e que investigadores, especialistas forenses e servi\u00e7os operacionais est\u00e3o no local da explos\u00e3o.<\/p>\n\n\n\n<p>Um porta-voz do \u00f3rg\u00e3o afirmou que o caso foi classificado como um \u201cato terrorista\u201d e assassinato.<\/p>\n\n\n\n<p>O comit\u00ea tamb\u00e9m investiga o \u201ctr\u00e1fico ilegal de armas e muni\u00e7\u00f5es\u201d relacionado ao caso.<\/p>\n\n\n\n<h2 class=\"wp-block-heading\">Acusado de uso de armas qu\u00edmicas e procurado pela Ucr\u00e2nia<\/h2>\n\n\n\n<p>O general russo era procurado pela Ucr\u00e2nia por suposto uso de armas qu\u00edmicas.<\/p>\n\n\n\n<p>Uma fonte da \u00e1rea da seguran\u00e7a ucraniana o descreveu como um \u201ccriminoso de guerra e um alvo absolutamente leg\u00edtimo\u201d.<\/p>\n\n\n\n<p>O Reino Unido e os EUA sancionaram a R\u00fassia por usar cloropicrina, uma subst\u00e2ncia que afeta os olhos, a pele, a garganta e os pulm\u00f5es e foi fabricado para uso como g\u00e1s lacrimog\u00eaneo na Primeira Guerra Mundial.<\/p>\n\n\n\n<p>A subst\u00e2ncia foi proibida pela Conven\u00e7\u00e3o sobre Armas Qu\u00edmicas em 1993. Em outubro, o Reino Unido sancionou o pr\u00f3prio Kirillov por usar as armas nos campos de batalha da Ucr\u00e2nia.<\/p>\n\n\n\n<h2 class=\"wp-block-heading\">General russo fazia acusa\u00e7\u00f5es contra a Ucr\u00e2nia<\/h2>\n\n\n\n<p>Igor Kirillov frequentemente acusava a Ucr\u00e2nia usar, ou planejar usar armas qu\u00edmicas, mas sem fornecer evid\u00eancias.<\/p>\n\n\n\n<p>Ele tamb\u00e9m alegou, novamente sem evid\u00eancias, que a Ucr\u00e2nia estava planejando usar \u201csubst\u00e2ncias radioativas das instala\u00e7\u00f5es de armazenamento de combust\u00edvel nuclear usado\u201d na usina nuclear de Chernobyl.<\/p>\n\n\n\n<p>Outra alega\u00e7\u00e3o de Kirillov era que os EUA estavam planejando entregar mosquitos infectados a militares russos por drone.<\/p>\n\n\n\n<h2 class=\"wp-block-heading\">Quem era o assistente do general russo que tamb\u00e9m foi morto?<\/h2>\n\n\n\n<p>O assistente que foi morto ao lado de Igor Kirillov nesta ter\u00e7a-feira foi identificado pela m\u00eddia estatal russa TASS como Ilya Polikarpov.<\/p>\n\n\n\n<p>Polikarpov era pai de duas crian\u00e7as de oito e nove anos, disse a esposa Natalya \u00e0 TASS, chamando-o de um \u201cgrande patriota\u201d que \u201camava sua p\u00e1tria\u201d.<\/p>\n\n\n\n<p>Ele trabalhou junto \u00e0 TASS e \u00e0 funda\u00e7\u00e3o Russian Heritage para se envolver em \u201catividades humanit\u00e1rias\u201d, incluindo ajudar a transferir fundos e equipamentos para \u201catividades seguras em condi\u00e7\u00f5es de combate\u201d para unidades militares russas, informou a ag\u00eancia.<\/p>\n\n\n\n<p>Vladimir Khmelev, diretor da Russian Heritage e conselheiro do diretor-geral do ve\u00edculo de imprensa, prontuou que Polikarpov era \u201cmuito respons\u00e1vel e decente (e) sempre fazia o que dizia\u201d.<\/p>\n\n\n\n<p>\u201cEle vivia para seu trabalho e fam\u00edlia. Sentiremos muita falta dele\u201d, afirmou Khmelev, de acordo com a TASS.<\/p>\n\n\n\n<h2 class=\"wp-block-heading\"><strong>Entenda a guerra entre R\u00fassia e Ucr\u00e2nia<\/strong><\/h2>\n\n\n\n<p>A R\u00fassia invadiu a Ucr\u00e2nia em fevereiro de 2022 e entrou no territ\u00f3rio por tr\u00eas frentes: pela fronteira russa, pela Crimeia e por Belarus, pa\u00eds forte aliado do Kremlin.<\/p>\n\n\n\n<p>For\u00e7as leais ao&nbsp;<a href=\"https:\/\/www.cnnbrasil.com.br\/internacional\/quem-e-vladimir-putin-e-o-que-voce-precisa-saber-sobre-ele\/\" target=\"_blank\" rel=\"noreferrer noopener\">presidente Vladimir Putin<\/a>&nbsp;conseguiram avan\u00e7os significativos nos primeiros dias, mas os ucranianos conseguiram manter o controle de Kiev, ainda que a cidade tamb\u00e9m tenha sido atacada. A invas\u00e3o foi criticada internacionalmente e o Kremlin foi alvo de&nbsp;<a href=\"https:\/\/www.cnnbrasil.com.br\/internacional\/russia-se-prepara-para-decadas-sob-sancoes-do-ocidente\/\" target=\"_blank\" rel=\"noreferrer noopener\">san\u00e7\u00f5es econ\u00f4micas do Ocidente<\/a>.<\/p>\n\n\n\n<p>Em outubro de 2024, ap\u00f3s milhares de mortos, a guerra na Ucr\u00e2nia entrou no que analistas descrevem como o momento mais perigoso at\u00e9 agora.<\/p>\n\n\n\n<p>As tens\u00f5es se elevaram quando o presidente russo, Vladimir Putin, ordenou o uso de um&nbsp;<a href=\"https:\/\/www.cnnbrasil.com.br\/internacional\/o-que-e-o-novo-missil-hipersonico-da-russia-usado-contra-a-ucrania\/\" target=\"_blank\" rel=\"noreferrer noopener\">m\u00edssil hipers\u00f4nico de alcance intermedi\u00e1rio<\/a>&nbsp;durante um ataque em solo ucraniano. O proj\u00e9til carregou ogivas convencionais, mas \u00e9 capaz de levar material nuclear.<\/p>\n\n\n\n<p>O lan\u00e7amento aconteceu ap\u00f3s a Ucr\u00e2nia fazer uma&nbsp;<a href=\"https:\/\/www.cnnbrasil.com.br\/internacional\/ucrania-pode-disparar-misseis-franceses-de-longo-alcance-contra-a-russia-diz-ministro-barrot\/\" target=\"_blank\" rel=\"noreferrer noopener\">ofensiva dentro do territ\u00f3rio russo<\/a>&nbsp;usando armamentos fabricados por pot\u00eancias ocidentais, como os Estados Unidos, o Reino Unido e a Fran\u00e7a.<\/p>\n\n\n\n<p>A intelig\u00eancia ocidental denuncia que a R\u00fassia est\u00e1 usando&nbsp;<a href=\"https:\/\/www.cnnbrasil.com.br\/internacional\/tropas-da-coreia-da-norte-foram-localizadas-em-regioes-da-ucrania-dizem-fontes\/\" target=\"_blank\" rel=\"noreferrer noopener\">tropas da Coreia do Norte<\/a>&nbsp;no conflito na Ucr\u00e2nia. Moscou e Pyongyang n\u00e3o negam, nem confirmam o relato.<\/p>\n\n\n\n<p>O presidente Vladimir Putin, que&nbsp;<a href=\"https:\/\/www.cnnbrasil.com.br\/internacional\/vladimir-putin-substitui-ministro-da-defesa-da-russia-por-civil\/\" target=\"_blank\" rel=\"noreferrer noopener\">substituiu seu ministro da Defesa em maio<\/a>, disse que as for\u00e7as russas est\u00e3o&nbsp;<a href=\"https:\/\/www.cnnbrasil.com.br\/internacional\/putin-diz-que-russia-esta-avancando-rapidamente-no-leste-da-ucrania\/\" target=\"_blank\" rel=\"noreferrer noopener\">avan\u00e7ando muito mais efetivamente<\/a>&nbsp;\u2013 e que a R\u00fassia alcan\u00e7ar\u00e1 todos os seus objetivos na Ucr\u00e2nia, embora ele n\u00e3o tenha dado detalhes.<\/p>\n\n\n\n<p>O presidente ucraniano, Volodymyr Zelensky, disse acreditar que os principais objetivos de Putin s\u00e3o ocupar toda a regi\u00e3o de Donbass, abrangendo as regi\u00f5es de Donetsk e Luhansk, e expulsar as tropas ucranianas da regi\u00e3o de Kursk, na R\u00fassia, das quais controlam partes desde agosto.<\/p>\n","protected":false},"excerpt":{"rendered":"<p>Igor Kirillov era acusado de usar armas qu\u00edmicas na guerra da Ucr\u00e2nia; ele e assistente foram mortos em explos\u00e3o O assassinato do tenente-general Igor Kirillov, que chefiava as for\u00e7as de prote\u00e7\u00e3o nuclear, biol\u00f3gica e qu\u00edmica da R\u00fassia, em Moscou, na manh\u00e3 desta ter\u00e7a-feira (17) chamou a aten\u00e7\u00e3o da comunidade internacional. Kirillov foi morto junto a [&hellip;]<\/p>\n","protected":false},"author":4,"featured_media":1748,"comment_status":"open","ping_status":"open","sticky":false,"template":"","format":"standard","meta":{"footnotes":""},"categories":[19],"tags":[],"_links":{"self":[{"href":"https:\/\/jornalhorizonte.com.br\/index.php?rest_route=\/wp\/v2\/posts\/1747"}],"collection":[{"href":"https:\/\/jornalhorizonte.com.br\/index.php?rest_route=\/wp\/v2\/posts"}],"about":[{"href":"https:\/\/jornalhorizonte.com.br\/index.php?rest_route=\/wp\/v2\/types\/post"}],"author":[{"embeddable":true,"href":"https:\/\/jornalhorizonte.com.br\/index.php?rest_route=\/wp\/v2\/users\/4"}],"replies":[{"embeddable":true,"href":"https:\/\/jornalhorizonte.com.br\/index.php?rest_route=%2Fwp%2Fv2%2Fcomments&post=1747"}],"version-history":[{"count":1,"href":"https:\/\/jornalhorizonte.com.br\/index.php?rest_route=\/wp\/v2\/posts\/1747\/revisions"}],"predecessor-version":[{"id":1749,"href":"https:\/\/jornalhorizonte.com.br\/index.php?rest_route=\/wp\/v2\/posts\/1747\/revisions\/1749"}],"wp:featuredmedia":[{"embeddable":true,"href":"https:\/\/jornalhorizonte.com.br\/index.php?rest_route=\/wp\/v2\/media\/1748"}],"wp:attachment":[{"href":"https:\/\/jornalhorizonte.com.br\/index.php?rest_route=%2Fwp%2Fv2%2Fmedia&parent=1747"}],"wp:term":[{"taxonomy":"category","embeddable":true,"href":"https:\/\/jornalhorizonte.com.br\/index.php?rest_route=%2Fwp%2Fv2%2Fcategories&post=1747"},{"taxonomy":"post_tag","embeddable":true,"href":"https:\/\/jornalhorizonte.com.br\/index.php?rest_route=%2Fwp%2Fv2%2Ftags&post=1747"}],"curies":[{"name":"wp","href":"https:\/\/api.w.org\/{rel}","templated":true}]}}