{"id":1744,"date":"2025-02-16T18:30:22","date_gmt":"2025-02-16T18:30:22","guid":{"rendered":"https:\/\/jornalhorizonte.com.br\/?p=1744"},"modified":"2025-02-16T18:30:23","modified_gmt":"2025-02-16T18:30:23","slug":"eua-e-onu-querem-respostas-sobre-valas-comuns-na-siria","status":"publish","type":"post","link":"https:\/\/jornalhorizonte.com.br\/?p=1744","title":{"rendered":"EUA e ONU querem respostas sobre valas comuns na S\u00edria"},"content":{"rendered":"\n<p>O porta-voz do Departamento de Estado, Matthew Miller, em uma coletiva de imprensa, cobrou respostas para as fam\u00edlias daqueles que foram desaparecidos, torturados e mortos na S\u00edria e a responsabiliza\u00e7\u00e3o daqueles que fizeram isso<\/p>\n\n\n\n<p>Os Estados Unidos est\u00e3o se relacionando com v\u00e1rios \u00f3rg\u00e3os da ONU para garantir que o povo s\u00edrio obtenha resposta e presta\u00e7\u00e3o de contas sobre valas comuns, locais de deten\u00e7\u00e3o e locais de tortura na S\u00edria, disse o Departamento de Estado norte-americano nesta ter\u00e7a-feira (17).<\/p>\n\n\n\n<p>O porta-voz do Departamento de Estado, Matthew Miller, em uma coletiva de imprensa, cobrou respostas para as fam\u00edlias daqueles que foram desaparecidos, torturados e mortos na S\u00edria e a responsabiliza\u00e7\u00e3o daqueles que fizeram isso.<\/p>\n\n\n\n<p>O governo do presidente dos EUA, Joe Biden, est\u00e1 se relacionando com a Institui\u00e7\u00e3o Independente sobre Pessoas Desaparecidas na S\u00edria, entre outros \u00f3rg\u00e3os da ONU, segundo Miller.<\/p>\n\n\n\n<p>Os Estados Unidos est\u00e3o se relacionando com v\u00e1rios \u00f3rg\u00e3os da ONU para garantir que o povo s\u00edrio obtenha resposta e presta\u00e7\u00e3o de contas sobre valas comuns, locais de deten\u00e7\u00e3o e locais de tortura na S\u00edria, disse o Departamento de Estado norte-americano nesta ter\u00e7a-feira (17).<\/p>\n\n\n\n<p>O porta-voz do Departamento de Estado, Matthew Miller, em uma coletiva de imprensa, cobrou respostas para as fam\u00edlias daqueles que foram desaparecidos, torturados e mortos na S\u00edria e a responsabiliza\u00e7\u00e3o daqueles que fizeram isso.<\/p>\n\n\n\n<p>O governo do presidente dos EUA, Joe Biden, est\u00e1 se relacionando com a Institui\u00e7\u00e3o Independente sobre Pessoas Desaparecidas na S\u00edria, entre outros \u00f3rg\u00e3os da ONU, segundo Miller.<\/p>\n\n\n\n<p>Estima-se que centenas de milhares de s\u00edrios tenham sido mortos desde 2011, quando a repress\u00e3o de Assad aos protestos contra seu governo se transformou em uma guerra civil em grande escala.<\/p>\n\n\n\n<p>Assad e seu pai Hafez, que o precedeu como presidente e morreu em 2000, s\u00e3o acusados por s\u00edrios, grupos de direitos humanos e outros governos de assassinatos extrajudiciais generalizados, incluindo execu\u00e7\u00f5es em massa dentro do not\u00f3rio sistema prisional do pa\u00eds.<\/p>\n\n\n\n<p><a href=\"https:\/\/www.cnnbrasil.com.br\/internacional\/nos-bastidores-ultimas-horas-de-assad-na-siria-tiveram-farsa-desespero-e-fuga\/\">Assad negou repetidamente que seu governo<\/a>&nbsp;tenha cometido viola\u00e7\u00f5es de direitos humanos e pintou seus detratores como extremistas.<\/p>\n\n\n\n<blockquote class=\"wp-block-quote\">\n<p><a href=\"https:\/\/stories.cnnbrasil.com.br\/internacional\/quem-e-a-familia-de-bashar-al-assad-que-governou-a-siria-por-mais-de-meio-seculo\/\">Quem \u00e9 a fam\u00edlia de Bashar al-Assad, que governou a S\u00edria por mais de meio s\u00e9culo<\/a><\/p>\n<\/blockquote>\n\n\n\n<p><\/p>\n","protected":false},"excerpt":{"rendered":"<p>O porta-voz do Departamento de Estado, Matthew Miller, em uma coletiva de imprensa, cobrou respostas para as fam\u00edlias daqueles que foram desaparecidos, torturados e mortos na S\u00edria e a responsabiliza\u00e7\u00e3o daqueles que fizeram isso Os Estados Unidos est\u00e3o se relacionando com v\u00e1rios \u00f3rg\u00e3os da ONU para garantir que o povo s\u00edrio obtenha resposta e presta\u00e7\u00e3o [&hellip;]<\/p>\n","protected":false},"author":4,"featured_media":1745,"comment_status":"open","ping_status":"open","sticky":false,"template":"","format":"standard","meta":{"footnotes":""},"categories":[19],"tags":[],"_links":{"self":[{"href":"https:\/\/jornalhorizonte.com.br\/index.php?rest_route=\/wp\/v2\/posts\/1744"}],"collection":[{"href":"https:\/\/jornalhorizonte.com.br\/index.php?rest_route=\/wp\/v2\/posts"}],"about":[{"href":"https:\/\/jornalhorizonte.com.br\/index.php?rest_route=\/wp\/v2\/types\/post"}],"author":[{"embeddable":true,"href":"https:\/\/jornalhorizonte.com.br\/index.php?rest_route=\/wp\/v2\/users\/4"}],"replies":[{"embeddable":true,"href":"https:\/\/jornalhorizonte.com.br\/index.php?rest_route=%2Fwp%2Fv2%2Fcomments&post=1744"}],"version-history":[{"count":1,"href":"https:\/\/jornalhorizonte.com.br\/index.php?rest_route=\/wp\/v2\/posts\/1744\/revisions"}],"predecessor-version":[{"id":1746,"href":"https:\/\/jornalhorizonte.com.br\/index.php?rest_route=\/wp\/v2\/posts\/1744\/revisions\/1746"}],"wp:featuredmedia":[{"embeddable":true,"href":"https:\/\/jornalhorizonte.com.br\/index.php?rest_route=\/wp\/v2\/media\/1745"}],"wp:attachment":[{"href":"https:\/\/jornalhorizonte.com.br\/index.php?rest_route=%2Fwp%2Fv2%2Fmedia&parent=1744"}],"wp:term":[{"taxonomy":"category","embeddable":true,"href":"https:\/\/jornalhorizonte.com.br\/index.php?rest_route=%2Fwp%2Fv2%2Fcategories&post=1744"},{"taxonomy":"post_tag","embeddable":true,"href":"https:\/\/jornalhorizonte.com.br\/index.php?rest_route=%2Fwp%2Fv2%2Ftags&post=1744"}],"curies":[{"name":"wp","href":"https:\/\/api.w.org\/{rel}","templated":true}]}}