{"id":1741,"date":"2025-02-16T18:28:22","date_gmt":"2025-02-16T18:28:22","guid":{"rendered":"https:\/\/jornalhorizonte.com.br\/?p=1741"},"modified":"2025-02-16T18:28:24","modified_gmt":"2025-02-16T18:28:24","slug":"com-apoio-dos-eua-podemos-terminar-trabalho-contra-ira-diz-netanyahu","status":"publish","type":"post","link":"https:\/\/jornalhorizonte.com.br\/?p=1741","title":{"rendered":"\u201cCom apoio dos EUA podemos terminar trabalho contra Ir\u00e3\u201d, diz Netanyahu"},"content":{"rendered":"\n<p>Primeiro-ministro e secret\u00e1rio de Estado americano, Marco Rubio, realizaram coletiva de imprensa neste domingo (16)<\/p>\n\n\n\n<p>Israel e os Estados Unidos est\u00e3o determinados a frustrar as ambi\u00e7\u00f5es nucleares do Ir\u00e3 e sua \u201cagress\u00e3o\u201d no Oriente M\u00e9dio, declarou o primeiro-ministro israelense Benjamin Netanyahu neste domingo (16) durante uma coletiva de imprensa, ap\u00f3s uma reuni\u00e3o com o secret\u00e1rio de Estado dos EUA, Marco Rubio.<\/p>\n\n\n\n<p>Falando ap\u00f3s uma reuni\u00e3o com Rubio em Jerusal\u00e9m, Netanyahu afirmou que eles tiveram uma \u201cdiscuss\u00e3o muito produtiva\u201d sobre uma s\u00e9rie de quest\u00f5es, \u201cnenhuma mais importante do que o Ir\u00e3\u201d.<\/p>\n\n\n\n<p>\u201cIsrael e a Am\u00e9rica est\u00e3o lado a lado no combate \u00e0 amea\u00e7a do Ir\u00e3\u201d, exclamou ele. \u201cConcordamos que os aiatol\u00e1s n\u00e3o devem ter armas nucleares e tamb\u00e9m concordamos que a agress\u00e3o do pa\u00eds na regi\u00e3o deve ser revertida\u201d.<\/p>\n\n\n\n<p>Rubio disse: \u201cPor tr\u00e1s de cada grupo terrorista, por tr\u00e1s de cada ato de viol\u00eancia, por tr\u00e1s de cada atividade desestabilizadora, por tr\u00e1s de tudo que amea\u00e7a a paz e a estabilidade para milh\u00f5es de pessoas que chamam esta regi\u00e3o de lar est\u00e1 o Ir\u00e3\u201d.<\/p>\n\n\n\n<p>Netanyahu disse que Israel desferiu um&nbsp;<a href=\"https:\/\/www.cnnbrasil.com.br\/internacional\/operacao-de-israel-no-ira-acabou-apos-tres-ondas-de-ataques\/\">\u201cgolpe poderoso\u201d no Ir\u00e3 nos \u00faltimos 16 meses<\/a>&nbsp;desde o in\u00edcio da guerra em Gaza contra o Hamas e expressou que com o apoio de Trump \u201cn\u00e3o tenho d\u00favidas de que podemos e terminaremos o trabalho\u201d.<\/p>\n\n\n\n<p>Segundo premi\u00ea, Israel&nbsp;<a href=\"https:\/\/www.cnnbrasil.com.br\/internacional\/israel-ataca-alvos-do-hezbollah-em-beirute-apos-acao-do-ira\/\">enfraqueceu o movimento Hezbollah apoiado pelo Ir\u00e3 no sul do L\u00edbano<\/a>&nbsp;e atingiu centenas de alvos na S\u00edria para evitar que uma nova frente apoiada pelo pa\u00eds se abrisse.<\/p>\n\n\n\n<p>\u201cAgora, se qualquer outra for\u00e7a acredita que nosso pa\u00eds permitir\u00e1 que outras<a href=\"https:\/\/www.cnnbrasil.com.br\/internacional\/israel-ataca-alvos-do-hezbollah-na-siria-governo-local-diz-que-civis-foram-alvo\/\">&nbsp;for\u00e7as hostis usem a S\u00edria como base de opera\u00e7\u00f5es contra n\u00f3s<\/a>, eles est\u00e3o gravemente enganados\u201d, pontuou o l\u00edder israelense.<\/p>\n\n\n\n<p>Agradecendo a R\u00fabio pelo \u201capoio inequ\u00edvoco\u201d \u00e0 pol\u00edtica do pa\u00eds em Gaza, Netanyahu afirmou que Israel e os Estados Unidos, sob o presidente Donald Trump, compartilhavam uma estrat\u00e9gia comum no territ\u00f3rio palestino, onde um&nbsp;<a href=\"https:\/\/www.cnnbrasil.com.br\/internacional\/cessar-fogo-e-a-unica-maneira-de-soltar-mais-refens-israelenses-diz-hamas\/\">acordo cessar-fogo est\u00e1 em vigor entre Israel e militantes do grupo Hamas<\/a>&nbsp;ap\u00f3s 15 meses de guerra.<\/p>\n\n\n\n<p>\u201cQuero garantir a todos que est\u00e3o nos ouvindo agora que o presidente Trump e eu estamos trabalhando em total coopera\u00e7\u00e3o e coordena\u00e7\u00e3o entre n\u00f3s\u201d, explicou.<\/p>\n\n\n\n<p>Rubio acrescentou: \u201cO Hamas n\u00e3o pode continuar como uma for\u00e7a militar ou governamental e enquanto permanecer como uma for\u00e7a que pode governar ou administrar ou uma for\u00e7a que pode amea\u00e7ar pelo uso da viol\u00eancia, a paz se torna imposs\u00edvel.\u201d<\/p>\n\n\n\n<p><\/p>\n","protected":false},"excerpt":{"rendered":"<p>Primeiro-ministro e secret\u00e1rio de Estado americano, Marco Rubio, realizaram coletiva de imprensa neste domingo (16) Israel e os Estados Unidos est\u00e3o determinados a frustrar as ambi\u00e7\u00f5es nucleares do Ir\u00e3 e sua \u201cagress\u00e3o\u201d no Oriente M\u00e9dio, declarou o primeiro-ministro israelense Benjamin Netanyahu neste domingo (16) durante uma coletiva de imprensa, ap\u00f3s uma reuni\u00e3o com o secret\u00e1rio [&hellip;]<\/p>\n","protected":false},"author":4,"featured_media":1742,"comment_status":"open","ping_status":"open","sticky":false,"template":"","format":"standard","meta":{"footnotes":""},"categories":[19],"tags":[],"_links":{"self":[{"href":"https:\/\/jornalhorizonte.com.br\/index.php?rest_route=\/wp\/v2\/posts\/1741"}],"collection":[{"href":"https:\/\/jornalhorizonte.com.br\/index.php?rest_route=\/wp\/v2\/posts"}],"about":[{"href":"https:\/\/jornalhorizonte.com.br\/index.php?rest_route=\/wp\/v2\/types\/post"}],"author":[{"embeddable":true,"href":"https:\/\/jornalhorizonte.com.br\/index.php?rest_route=\/wp\/v2\/users\/4"}],"replies":[{"embeddable":true,"href":"https:\/\/jornalhorizonte.com.br\/index.php?rest_route=%2Fwp%2Fv2%2Fcomments&post=1741"}],"version-history":[{"count":1,"href":"https:\/\/jornalhorizonte.com.br\/index.php?rest_route=\/wp\/v2\/posts\/1741\/revisions"}],"predecessor-version":[{"id":1743,"href":"https:\/\/jornalhorizonte.com.br\/index.php?rest_route=\/wp\/v2\/posts\/1741\/revisions\/1743"}],"wp:featuredmedia":[{"embeddable":true,"href":"https:\/\/jornalhorizonte.com.br\/index.php?rest_route=\/wp\/v2\/media\/1742"}],"wp:attachment":[{"href":"https:\/\/jornalhorizonte.com.br\/index.php?rest_route=%2Fwp%2Fv2%2Fmedia&parent=1741"}],"wp:term":[{"taxonomy":"category","embeddable":true,"href":"https:\/\/jornalhorizonte.com.br\/index.php?rest_route=%2Fwp%2Fv2%2Fcategories&post=1741"},{"taxonomy":"post_tag","embeddable":true,"href":"https:\/\/jornalhorizonte.com.br\/index.php?rest_route=%2Fwp%2Fv2%2Ftags&post=1741"}],"curies":[{"name":"wp","href":"https:\/\/api.w.org\/{rel}","templated":true}]}}