{"id":1738,"date":"2025-02-16T18:26:28","date_gmt":"2025-02-16T18:26:28","guid":{"rendered":"https:\/\/jornalhorizonte.com.br\/?p=1738"},"modified":"2025-02-16T18:26:29","modified_gmt":"2025-02-16T18:26:29","slug":"governistas-veem-popularidade-dependente-de-retomada-do-poder-de-compra","status":"publish","type":"post","link":"https:\/\/jornalhorizonte.com.br\/?p=1738","title":{"rendered":"Governistas veem popularidade dependente de retomada do poder de compra"},"content":{"rendered":"\n<p>Para parlamentares, medidas recentemente anunciadas, como amplia\u00e7\u00e3o do Farm\u00e1cia Popular, G\u00e1s para Todos e Desenrola Rural devem contribuir nesta frente<\/p>\n\n\n\n<p>Parlamentares governistas t\u00eam indicado que, a\u00e7\u00f5es pol\u00edticas \u00e0 parte, a retomada da popularidade da gest\u00e3o federal depende da recupera\u00e7\u00e3o do poder de compra dos brasileiros. A mais recente pesquisa Datafolha mostrou Lula com&nbsp;<a href=\"https:\/\/www.cnnbrasil.com.br\/politica\/datafolha-pesquisa-fevereiro-2025\/\">menor n\u00edvel de avalia\u00e7\u00e3o positiva dentre seus tr\u00eas mandatos (24%)<\/a>.<\/p>\n\n\n\n<p>\u00c0\u00a0<strong>CNN,<\/strong>\u00a0o vice-l\u00edder do governo na C\u00e2mara Alencar Santana (PT-SP) defende que a economia brasileira vive um bom momento, com crescimento forte na atividade e desemprego nas m\u00ednimas hist\u00f3ricas. Mas afirma que a \u201cface\u201d da economia, os pre\u00e7os, precisam ser endere\u00e7ados.<\/p>\n\n\n\n<p>Na vis\u00e3o do deputado Rog\u00e9rio Correia (PT-MG), tamb\u00e9m vice-l\u00edder do governo, medidas anunciadas recentemente, como a amplia\u00e7\u00e3o da gratuidade de medicamentos no Farm\u00e1cia Popular, o \u201cG\u00e1s para Todos\u201d e o \u201cDesenrola Rural\u201d, devem refor\u00e7ar o poder de compra e ajudar a reverter parte das perdas em popularidade.<\/p>\n\n\n\n<p>O Desenrola Rural est\u00e1 voltado \u00e0 principal preocupa\u00e7\u00e3o quando o assunto \u00e9 infla\u00e7\u00e3o: os alimentos. O programa traz condi\u00e7\u00f5es para quita\u00e7\u00e3o de d\u00edvidas de agricultores familiares e prev\u00ea descontos de at\u00e9 96% no valor devido. A ideia \u00e9 abrir espa\u00e7o para novos financiamentos e investimentos na produ\u00e7\u00e3o de mais alimentos, levando \u00e0 queda de pre\u00e7os.<\/p>\n\n\n\n<p>\u201cS\u00e3o medidas econ\u00f4micas relevantes e que levar\u00e3o benef\u00edcios \u00e0 popula\u00e7\u00e3o. Temos tamb\u00e9m que nos esfor\u00e7ar para mostrar isso para as pessoas\u201d, disse \u00e0&nbsp;<strong>CNN.<\/strong><\/p>\n\n\n\n<p>Na Casa Alta, o senador Fabiano Contarato (PT-ES) reitera que a melhora na avalia\u00e7\u00e3o popular acontecer\u00e1 \u201csomente\u201d atrav\u00e9s de fatores econ\u00f4micos e sociais: \u201ccontrole da infla\u00e7\u00e3o, consolida\u00e7\u00e3o da rede de prote\u00e7\u00e3o social e, sobretudo, a retomada do crescimento\u201d, enumerou \u00e0&nbsp;<strong>CNN.<\/strong><\/p>\n","protected":false},"excerpt":{"rendered":"<p>Para parlamentares, medidas recentemente anunciadas, como amplia\u00e7\u00e3o do Farm\u00e1cia Popular, G\u00e1s para Todos e Desenrola Rural devem contribuir nesta frente Parlamentares governistas t\u00eam indicado que, a\u00e7\u00f5es pol\u00edticas \u00e0 parte, a retomada da popularidade da gest\u00e3o federal depende da recupera\u00e7\u00e3o do poder de compra dos brasileiros. A mais recente pesquisa Datafolha mostrou Lula com&nbsp;menor n\u00edvel de [&hellip;]<\/p>\n","protected":false},"author":5,"featured_media":1739,"comment_status":"open","ping_status":"open","sticky":false,"template":"","format":"standard","meta":{"footnotes":""},"categories":[20],"tags":[],"_links":{"self":[{"href":"https:\/\/jornalhorizonte.com.br\/index.php?rest_route=\/wp\/v2\/posts\/1738"}],"collection":[{"href":"https:\/\/jornalhorizonte.com.br\/index.php?rest_route=\/wp\/v2\/posts"}],"about":[{"href":"https:\/\/jornalhorizonte.com.br\/index.php?rest_route=\/wp\/v2\/types\/post"}],"author":[{"embeddable":true,"href":"https:\/\/jornalhorizonte.com.br\/index.php?rest_route=\/wp\/v2\/users\/5"}],"replies":[{"embeddable":true,"href":"https:\/\/jornalhorizonte.com.br\/index.php?rest_route=%2Fwp%2Fv2%2Fcomments&post=1738"}],"version-history":[{"count":1,"href":"https:\/\/jornalhorizonte.com.br\/index.php?rest_route=\/wp\/v2\/posts\/1738\/revisions"}],"predecessor-version":[{"id":1740,"href":"https:\/\/jornalhorizonte.com.br\/index.php?rest_route=\/wp\/v2\/posts\/1738\/revisions\/1740"}],"wp:featuredmedia":[{"embeddable":true,"href":"https:\/\/jornalhorizonte.com.br\/index.php?rest_route=\/wp\/v2\/media\/1739"}],"wp:attachment":[{"href":"https:\/\/jornalhorizonte.com.br\/index.php?rest_route=%2Fwp%2Fv2%2Fmedia&parent=1738"}],"wp:term":[{"taxonomy":"category","embeddable":true,"href":"https:\/\/jornalhorizonte.com.br\/index.php?rest_route=%2Fwp%2Fv2%2Fcategories&post=1738"},{"taxonomy":"post_tag","embeddable":true,"href":"https:\/\/jornalhorizonte.com.br\/index.php?rest_route=%2Fwp%2Fv2%2Ftags&post=1738"}],"curies":[{"name":"wp","href":"https:\/\/api.w.org\/{rel}","templated":true}]}}