{"id":1734,"date":"2025-01-19T23:19:14","date_gmt":"2025-01-19T23:19:14","guid":{"rendered":"https:\/\/jornalhorizonte.com.br\/?p=1734"},"modified":"2025-01-19T23:19:16","modified_gmt":"2025-01-19T23:19:16","slug":"refens-devem-ser-soltos-pela-forca-diz-ministro-israelense-apos-renunciar","status":"publish","type":"post","link":"https:\/\/jornalhorizonte.com.br\/?p=1734","title":{"rendered":"Ref\u00e9ns devem ser soltos pela for\u00e7a, diz ministro israelense ap\u00f3s renunciar"},"content":{"rendered":"\n<p>Itamar Ben Gvir comparou o acordo de cessar-fogo como uma &#8220;rendi\u00e7\u00e3o&#8221; de Israel<\/p>\n\n\n\n<p>Itamar Ben Gvir, ministro da Seguran\u00e7a Nacional de Israel que renunciou devido ao acordo de cessar-fogo, disse que os ref\u00e9ns restantes em Gaza deveriam ser libertados \u201cpelo uso da for\u00e7a\u201d.<\/p>\n\n\n\n<p>Ben Gvir saudou a liberta\u00e7\u00e3o de&nbsp;<a href=\"https:\/\/www.cnnbrasil.com.br\/internacional\/veja-quem-sao-as-tres-primeiras-refens-que-serao-libertadas-pelo-hamas\/\" target=\"_blank\" rel=\"noreferrer noopener\">Romi Gonen, Emily Damari e Doron Steinbrecher<\/a>, mas comparou o acordo que garantiu a soltura como uma \u201crendi\u00e7\u00e3o\u201d.<\/p>\n\n\n\n<p>\u201cRomi, Doron e Emily, estamos felizes e animados com seu retorno. Estamos ansiosos pelo retorno dos ref\u00e9ns restantes \u2013 pelo uso da for\u00e7a, interrompendo o fornecimento de combust\u00edvel, interrompendo a ajuda humanit\u00e1ria e n\u00e3o pela rendi\u00e7\u00e3o\u201d, afirmou Ben Gvir no X.<\/p>\n\n\n\n<p><a href=\"https:\/\/www.cnnbrasil.com.br\/internacional\/partido-de-extrema-direita-israelense-renuncia-a-coalizao-de-netanyahu\/?hidemenu=true\" target=\"_blank\" rel=\"noreferrer noopener\">Ben Gvir renunciou ao governo<\/a>&nbsp;do primeiro-ministro Benjamin Netanyahu neste domingo, junto com outros dois ministros do partido Otzma Yehudit (Poder Judaico).<\/p>\n\n\n\n<p>Espera-se que a medida enfraque\u00e7a a coaliz\u00e3o de Netanyahu, mas n\u00e3o necessariamente a ponto de entrar em colapso.<\/p>\n\n\n\n<p>Um porta-voz de Ben Gvir disse \u00e0&nbsp;<strong>CNN<\/strong>&nbsp;que sua posi\u00e7\u00e3o como ministro da Seguran\u00e7a Nacional dura 48 horas ap\u00f3s a apresenta\u00e7\u00e3o de sua ren\u00fancia.<\/p>\n\n\n\n<p>Separadamente, Bezalel Smotrich, ministro das Finan\u00e7as de Israel, disse que estava \u201ccheio de alegria\u201d com o retorno dos tr\u00eas ref\u00e9ns, apesar de tamb\u00e9m se opor ao acordo que os trouxe para casa.<\/p>\n\n\n\n<p>Assim como Ben Gvir, Smotrich tem argumentado por meses contra qualquer cessa\u00e7\u00e3o de hostilidades com o Hamas em Gaza.<\/p>\n\n\n\n<p>Smotrich n\u00e3o renunciou por causa do acordo, mas amea\u00e7ou faz\u00ea-lo se Israel n\u00e3o retomar a luta ap\u00f3s o fim da primeira fase da tr\u00e9gua.<\/p>\n\n\n\n<p><\/p>\n","protected":false},"excerpt":{"rendered":"<p>Itamar Ben Gvir comparou o acordo de cessar-fogo como uma &#8220;rendi\u00e7\u00e3o&#8221; de Israel Itamar Ben Gvir, ministro da Seguran\u00e7a Nacional de Israel que renunciou devido ao acordo de cessar-fogo, disse que os ref\u00e9ns restantes em Gaza deveriam ser libertados \u201cpelo uso da for\u00e7a\u201d. Ben Gvir saudou a liberta\u00e7\u00e3o de&nbsp;Romi Gonen, Emily Damari e Doron Steinbrecher, [&hellip;]<\/p>\n","protected":false},"author":4,"featured_media":1735,"comment_status":"open","ping_status":"open","sticky":false,"template":"","format":"standard","meta":{"footnotes":""},"categories":[19],"tags":[],"_links":{"self":[{"href":"https:\/\/jornalhorizonte.com.br\/index.php?rest_route=\/wp\/v2\/posts\/1734"}],"collection":[{"href":"https:\/\/jornalhorizonte.com.br\/index.php?rest_route=\/wp\/v2\/posts"}],"about":[{"href":"https:\/\/jornalhorizonte.com.br\/index.php?rest_route=\/wp\/v2\/types\/post"}],"author":[{"embeddable":true,"href":"https:\/\/jornalhorizonte.com.br\/index.php?rest_route=\/wp\/v2\/users\/4"}],"replies":[{"embeddable":true,"href":"https:\/\/jornalhorizonte.com.br\/index.php?rest_route=%2Fwp%2Fv2%2Fcomments&post=1734"}],"version-history":[{"count":1,"href":"https:\/\/jornalhorizonte.com.br\/index.php?rest_route=\/wp\/v2\/posts\/1734\/revisions"}],"predecessor-version":[{"id":1736,"href":"https:\/\/jornalhorizonte.com.br\/index.php?rest_route=\/wp\/v2\/posts\/1734\/revisions\/1736"}],"wp:featuredmedia":[{"embeddable":true,"href":"https:\/\/jornalhorizonte.com.br\/index.php?rest_route=\/wp\/v2\/media\/1735"}],"wp:attachment":[{"href":"https:\/\/jornalhorizonte.com.br\/index.php?rest_route=%2Fwp%2Fv2%2Fmedia&parent=1734"}],"wp:term":[{"taxonomy":"category","embeddable":true,"href":"https:\/\/jornalhorizonte.com.br\/index.php?rest_route=%2Fwp%2Fv2%2Fcategories&post=1734"},{"taxonomy":"post_tag","embeddable":true,"href":"https:\/\/jornalhorizonte.com.br\/index.php?rest_route=%2Fwp%2Fv2%2Ftags&post=1734"}],"curies":[{"name":"wp","href":"https:\/\/api.w.org\/{rel}","templated":true}]}}