{"id":1731,"date":"2025-01-19T23:16:33","date_gmt":"2025-01-19T23:16:33","guid":{"rendered":"https:\/\/jornalhorizonte.com.br\/?p=1731"},"modified":"2025-01-19T23:16:34","modified_gmt":"2025-01-19T23:16:34","slug":"beneficiarios-nao-precisam-fazer-prova-de-vida-para-garantir-pagamentos-do-inss","status":"publish","type":"post","link":"https:\/\/jornalhorizonte.com.br\/?p=1731","title":{"rendered":"Benefici\u00e1rios n\u00e3o precisam fazer prova de vida para garantir pagamentos do INSS"},"content":{"rendered":"\n<p>Institui\u00e7\u00e3o n\u00e3o est\u00e1 notificando ou bloqueando pagamentos de nenhum segurado<\/p>\n\n\n\n<p>O&nbsp;<strong>Instituto Nacional do Seguro Social<\/strong>&nbsp;(INSS)&nbsp;<strong>n\u00e3o vai suspender<\/strong>&nbsp;benef\u00edcios pagos a aposentados e pensionistas que&nbsp;<strong>n\u00e3o fizerem a prova de vida<\/strong>. Uma portaria, assinada pelo Minist\u00e9rio da Previd\u00eancia (MPS), publicada no Di\u00e1rio Oficial da Uni\u00e3o (DOU) desta sexta-feira (17), garante que&nbsp;<strong>nenhum benef\u00edcio seja bloqueado por seis meses<\/strong>, prorrog\u00e1veis por igual per\u00edodo.<\/p>\n\n\n\n<p>Segundo a institui\u00e7\u00e3o, a prova de vida \u00e9 realizada anualmente pelo pr\u00f3prio INSS desde 2023 e n\u00e3o \u00e9 mais necess\u00e1rio que os benefici\u00e1rios fa\u00e7am o procedimento indo pessoalmente aos postos de atendimento.<\/p>\n\n\n\n<p>O \u00f3rg\u00e3o utiliza consulta de\u00a0<strong>dados recebidos de outras institui\u00e7\u00f5es p\u00fablicas federais<\/strong>\u00a0para realizar cruzamento de informa\u00e7\u00f5es dos cidad\u00e3os e comprovar se est\u00e3o ou n\u00e3o vivos. At\u00e9 o momento, cerca de\u00a0<strong>93% dos dados foram checados<\/strong>.<\/p>\n\n\n\n<p>A portaria atende a determina\u00e7\u00e3o do MPS, publicada em dezembro, que voltou a exigir prova de vida para a manuten\u00e7\u00e3o de benef\u00edcios pagos pelo \u00f3rg\u00e3o a partir de janeiro deste ano.<\/p>\n\n\n\n<p>Vale destacar ainda que o<strong>&nbsp;INSS n\u00e3o est\u00e1 notificando ou bloqueando pagamentos<\/strong>&nbsp;de nenhum segurado.<\/p>\n\n\n\n<h2 class=\"wp-block-heading\">O que e como funciona a prova de vida?<\/h2>\n\n\n\n<p>A prova de vida \u00e9 um procedimento anual para comprovar que a pessoa que recebe algum benef\u00edcio de longa dura\u00e7\u00e3o do INSS est\u00e1 viva.<\/p>\n\n\n\n<p>Para isso, o INSS recebe os dados de bases governamentais e de entidades parceiras e utilizar\u00e1 esses para comprova\u00e7\u00e3o de vida dos benefici\u00e1rios.<\/p>\n\n\n\n<p>Ao receber essa informa\u00e7\u00e3o, o Instituto ter\u00e1 o indicativo de vida do benefici\u00e1rio e criar\u00e1 uma base de dados sobre a pessoa, que reunir\u00e1 diversas intera\u00e7\u00f5es dela com entes p\u00fablicos ou privados.<\/p>\n\n\n\n<p>Quando as intera\u00e7\u00f5es ao longo do ano registradas nas bases de dados parceiras forem suficientes, o sistema considerar\u00e1 a prova de vida realizada, garantindo a manuten\u00e7\u00e3o do benef\u00edcio at\u00e9 o pr\u00f3ximo ciclo.<\/p>\n\n\n\n<blockquote class=\"wp-block-quote\">\n<p><a href=\"https:\/\/stories.cnnbrasil.com.br\/economia\/minimo-tem-alta-real-mas-poder-de-compra-seguira-estagnado-ate-2026\/\">M\u00ednimo tem alta real, mas poder de compra seguir\u00e1 estagnado at\u00e9 2026<\/a><\/p>\n<\/blockquote>\n\n\n\n<p><\/p>\n","protected":false},"excerpt":{"rendered":"<p>Institui\u00e7\u00e3o n\u00e3o est\u00e1 notificando ou bloqueando pagamentos de nenhum segurado O&nbsp;Instituto Nacional do Seguro Social&nbsp;(INSS)&nbsp;n\u00e3o vai suspender&nbsp;benef\u00edcios pagos a aposentados e pensionistas que&nbsp;n\u00e3o fizerem a prova de vida. Uma portaria, assinada pelo Minist\u00e9rio da Previd\u00eancia (MPS), publicada no Di\u00e1rio Oficial da Uni\u00e3o (DOU) desta sexta-feira (17), garante que&nbsp;nenhum benef\u00edcio seja bloqueado por seis meses, prorrog\u00e1veis [&hellip;]<\/p>\n","protected":false},"author":5,"featured_media":1732,"comment_status":"open","ping_status":"open","sticky":false,"template":"","format":"standard","meta":{"footnotes":""},"categories":[20,33],"tags":[],"_links":{"self":[{"href":"https:\/\/jornalhorizonte.com.br\/index.php?rest_route=\/wp\/v2\/posts\/1731"}],"collection":[{"href":"https:\/\/jornalhorizonte.com.br\/index.php?rest_route=\/wp\/v2\/posts"}],"about":[{"href":"https:\/\/jornalhorizonte.com.br\/index.php?rest_route=\/wp\/v2\/types\/post"}],"author":[{"embeddable":true,"href":"https:\/\/jornalhorizonte.com.br\/index.php?rest_route=\/wp\/v2\/users\/5"}],"replies":[{"embeddable":true,"href":"https:\/\/jornalhorizonte.com.br\/index.php?rest_route=%2Fwp%2Fv2%2Fcomments&post=1731"}],"version-history":[{"count":1,"href":"https:\/\/jornalhorizonte.com.br\/index.php?rest_route=\/wp\/v2\/posts\/1731\/revisions"}],"predecessor-version":[{"id":1733,"href":"https:\/\/jornalhorizonte.com.br\/index.php?rest_route=\/wp\/v2\/posts\/1731\/revisions\/1733"}],"wp:featuredmedia":[{"embeddable":true,"href":"https:\/\/jornalhorizonte.com.br\/index.php?rest_route=\/wp\/v2\/media\/1732"}],"wp:attachment":[{"href":"https:\/\/jornalhorizonte.com.br\/index.php?rest_route=%2Fwp%2Fv2%2Fmedia&parent=1731"}],"wp:term":[{"taxonomy":"category","embeddable":true,"href":"https:\/\/jornalhorizonte.com.br\/index.php?rest_route=%2Fwp%2Fv2%2Fcategories&post=1731"},{"taxonomy":"post_tag","embeddable":true,"href":"https:\/\/jornalhorizonte.com.br\/index.php?rest_route=%2Fwp%2Fv2%2Ftags&post=1731"}],"curies":[{"name":"wp","href":"https:\/\/api.w.org\/{rel}","templated":true}]}}