{"id":1718,"date":"2025-01-06T00:01:26","date_gmt":"2025-01-06T00:01:26","guid":{"rendered":"https:\/\/jornalhorizonte.com.br\/?p=1718"},"modified":"2025-01-06T00:01:28","modified_gmt":"2025-01-06T00:01:28","slug":"ucrania-lanca-ataque-surpresa-em-regiao-da-russia-recebendo-o-que-merecem","status":"publish","type":"post","link":"https:\/\/jornalhorizonte.com.br\/?p=1718","title":{"rendered":"Ucr\u00e2nia lan\u00e7a ataque surpresa em regi\u00e3o da R\u00fassia: \u201cRecebendo o que merecem\u201d"},"content":{"rendered":"\n<p>Minist\u00e9rio da Defesa russo informou que ofensivas foram repelidas, de acordo com a ag\u00eancia de not\u00edcias oficial TASS<\/p>\n\n\n\n<p>A Ucr\u00e2nia lan\u00e7ou um contra-ataque na regi\u00e3o de fronteira sul da R\u00fassia, em Kursk, pontuando que o pa\u00eds vizinho est\u00e1 \u201crecebendo o que merece\u201d.<\/p>\n\n\n\n<p>Andrii Kovalenko, chefe do Centro Ucraniano de Combate \u00e0 Desinforma\u00e7\u00e3o, um \u00f3rg\u00e3o oficial, disse que as for\u00e7as ucranianas lan\u00e7aram ataques surpresa contra as tropas russas em v\u00e1rios locais em Kursk, meses ap\u00f3s lan\u00e7ar a incurs\u00e3o na regi\u00e3o.<\/p>\n\n\n\n<p>Em uma curta postagem no Telegram neste domingo (5), o chefe do gabinete presidencial ucraniano, Andriy Yermak, afirmou: \u201cRegi\u00e3o de Kursk, boas not\u00edcias, a R\u00fassia est\u00e1 recebendo o que merece\u201d.<\/p>\n\n\n\n<p>Os militares ucranianos lan\u00e7aram uma incurs\u00e3o nessa \u00e1rea pela primeira vez em agosto de 2024 e mantiveram grande parte do territ\u00f3rio que tomaram, apesar dos esfor\u00e7os de soldados russos e norte-coreanos para expulsar os invasores.<\/p>\n\n\n\n<p>O Minist\u00e9rio da Defesa russo informou que os ucranianos lan\u00e7aram contra-ataques para impedir uma ofensiva russa, de acordo com a ag\u00eancia de not\u00edcias oficial TASS.<\/p>\n\n\n\n<p>A pasta ressaltou que eles foram repelidos, acrescentando que um ataque ucraniano incluindo dois tanques e sete ve\u00edculos blindados foi derrotado perto da vila de Berdin, a cerca de 15 quil\u00f4metros da fronteira.<\/p>\n\n\n\n<p>A&nbsp;<strong>CNN<\/strong>&nbsp;n\u00e3o p\u00f4de verificar os relatos do campo de batalha.<\/p>\n\n\n\n<h2 class=\"wp-block-heading\">Ofensiva da Ucr\u00e2nia em Kursk<\/h2>\n\n\n\n<p>A ofensiva de Kursk \u2014 a primeira invas\u00e3o terrestre contra a R\u00fassia por uma pot\u00eancia estrangeira desde a Segunda Guerra Mundial \u2014 pegou a R\u00fassia e os aliados da Ucr\u00e2nia de surpresa quando foi lan\u00e7ada.<\/p>\n\n\n\n<p>As tropas de Kiev avan\u00e7aram rapidamente, embora a R\u00fassia eventualmente tenha come\u00e7ado a empurrar suas for\u00e7as para tr\u00e1s. De toda forma, a linha de controle n\u00e3o mudou drasticamente nos \u00faltimos meses.<\/p>\n\n\n\n<p>No s\u00e1bado (4), o presidente da Ucr\u00e2nia, Volodymyr Zelensky, disse que o Ex\u00e9rcito russo&nbsp;<a href=\"https:\/\/www.cnnbrasil.com.br\/internacional\/zelensky-diz-que-russia-e-coreia-do-norte-sofreram-baixas-pesadas-em-kursk\/\" target=\"_blank\" rel=\"noreferrer noopener\">perdeu at\u00e9 um batalh\u00e3o de soldados norte-coreanos e paraquedistas russos<\/a>&nbsp;em batalhas perto da vila de Makhnovka. Um batalh\u00e3o normalmente tem v\u00e1rias centenas de soldados.<\/p>\n\n\n\n<h2 class=\"wp-block-heading\">Blogueiros russos relatam avan\u00e7o da Ucr\u00e2nia em Kursk<\/h2>\n\n\n\n<p>Blogs militares russos n\u00e3o oficiais, mas que geralmente fornecem relatos confi\u00e1veis \u200b\u200bsobre o conflito na Ucr\u00e2nia, reconheceram a luta deste domingo. Um deles afirmou que os ucranianos estavam avan\u00e7ando para o norte, em dire\u00e7\u00e3o a Berdin.<\/p>\n\n\n\n<p>\u201cO inimigo lan\u00e7ou reservas para a ofensiva na regi\u00e3o de Kursk\u201d, observou uma p\u00e1gina.<\/p>\n\n\n\n<p>\u201cPara o avan\u00e7o, a AFU cobriu a \u00e1rea com poderosos sistemas de guerra eletr\u00f4nica de r\u00e1dio, dificultando o trabalho de nossos UAVs [drones]. H\u00e1 batalhas com armas pequenas, nossa artilharia e tanques est\u00e3o trabalhando ativamente contra o inimigo\u201d, adicionou.<\/p>\n\n\n\n<p>Um segundo blogueiro publicou um relato semelhante, dizendo que a ofensiva havia come\u00e7ado na \u00e1rea de Sudzha, mas os ucranianos tamb\u00e9m desembarcaram paraquedistas e intensificaram os combates em outras dire\u00e7\u00f5es.<\/p>\n\n\n\n<p>\u201cNesta ofensiva, o inimigo usa redes de arrasto de remo\u00e7\u00e3o de minas, tanques e outros ve\u00edculos blindados\u201d, pontuou, acrescentando que o solo gelado estava permitindo o ataque, mas n\u00e3o era esperado que ele durasse. Adicionou ainda que bombardeiros russos est\u00e3o em a\u00e7\u00e3o.<\/p>\n\n\n\n<h2 class=\"wp-block-heading\">Presen\u00e7a de militares da Coreia do Norte em Kursk<\/h2>\n\n\n\n<p>Avalia\u00e7\u00f5es feitas pela Ucr\u00e2nia e por outros pa\u00edses do Ocidente indicam que cerca de&nbsp;<a href=\"https:\/\/www.cnnbrasil.com.br\/internacional\/mais-de-11-mil-soldados-da-coreia-do-norte-operam-em-kursk-na-russia-dizem-eua\/\" target=\"_blank\" rel=\"noreferrer noopener\">11 mil soldados da Coreia do Norte est\u00e3o posicionados na regi\u00e3o de Kursk<\/a>, onde as for\u00e7as ucranianas ocupam partes do territ\u00f3rio.<\/p>\n\n\n\n<p>O presidente russo, Vladimir Putin, se recusou a dizer quando a R\u00fassia recapturaria a regi\u00e3o sul de Kursk ap\u00f3s uma pergunta por telefone em entrevista coletiva de fim de ano no m\u00eas passado.<\/p>\n\n\n\n<p>\u201cNossos rapazes est\u00e3o lutando, h\u00e1 uma batalha acontecendo agora, e batalhas s\u00e9rias. N\u00e3o est\u00e1 claro o porqu\u00ea, n\u00e3o havia sentido militar nas For\u00e7as Armadas Ucranianas entrando na regi\u00e3o de Kursk, ou mantendo-se l\u00e1 agora como est\u00e3o fazendo, jogando suas melhores unidades l\u00e1 para serem massacradas\u201d, ponderou Putin.<\/p>\n\n\n\n<p>Um poss\u00edvel motivo por tr\u00e1s da decis\u00e3o de Kiev de entrar na R\u00fassia foi melhorar sua posi\u00e7\u00e3o antes de quaisquer potenciais negocia\u00e7\u00f5es futuras de cessar-fogo.<\/p>\n\n\n\n<p>O novo presidente dos Estados Unidos, Donald Trump, afirmou que encerraria a guerra \u201cem 24 horas\u201d, mas n\u00e3o detalhou como, e hesitou sobre a futura ajuda militar \u00e0 Ucr\u00e2nia.<\/p>\n\n\n\n<p>Na semana passada, Zelensky ressaltou que os militares&nbsp;<a href=\"https:\/\/www.cnnbrasil.com.br\/internacional\/zelensky-mais-de-3-mil-soldados-da-coreia-do-norte-morreram-ou-ficaram-feridos\/\" target=\"_blank\" rel=\"noreferrer noopener\">norte-coreanos estavam enfrentando perdas severas<\/a>&nbsp;e acusou a R\u00fassia de envi\u00e1-los ao campo de batalha com \u201cprote\u00e7\u00e3o m\u00ednima\u201d.<\/p>\n\n\n\n<h2 class=\"wp-block-heading\"><strong>Entenda a guerra entre R\u00fassia e Ucr\u00e2nia<\/strong><\/h2>\n\n\n\n<p>A R\u00fassia invadiu a Ucr\u00e2nia em fevereiro de 2022 e entrou no territ\u00f3rio por tr\u00eas frentes: pela fronteira russa, pela Crimeia e por Belarus, pa\u00eds forte aliado do Kremlin.<\/p>\n\n\n\n<p>For\u00e7as leais ao&nbsp;<a href=\"https:\/\/www.cnnbrasil.com.br\/internacional\/quem-e-vladimir-putin-e-o-que-voce-precisa-saber-sobre-ele\/\" target=\"_blank\" rel=\"noreferrer noopener\">presidente Vladimir Putin<\/a>&nbsp;conseguiram avan\u00e7os significativos nos primeiros dias, mas os ucranianos conseguiram manter o controle de Kiev, ainda que a cidade tamb\u00e9m tenha sido atacada. A invas\u00e3o foi criticada internacionalmente e o Kremlin foi alvo de&nbsp;<a href=\"https:\/\/www.cnnbrasil.com.br\/internacional\/russia-se-prepara-para-decadas-sob-sancoes-do-ocidente\/\" target=\"_blank\" rel=\"noreferrer noopener\">san\u00e7\u00f5es econ\u00f4micas do Ocidente<\/a>.<\/p>\n\n\n\n<p>Em outubro de 2024, ap\u00f3s milhares de mortos, a guerra na Ucr\u00e2nia entrou no que analistas descrevem como o momento mais perigoso at\u00e9 agora.<\/p>\n\n\n\n<p>As tens\u00f5es se elevaram quando o presidente russo, Vladimir Putin, ordenou o uso de um&nbsp;<a href=\"https:\/\/www.cnnbrasil.com.br\/internacional\/o-que-e-o-novo-missil-hipersonico-da-russia-usado-contra-a-ucrania\/\" target=\"_blank\" rel=\"noreferrer noopener\">m\u00edssil hipers\u00f4nico de alcance intermedi\u00e1rio<\/a>&nbsp;durante um ataque em solo ucraniano. O proj\u00e9til carregou ogivas convencionais, mas \u00e9 capaz de levar material nuclear.<\/p>\n\n\n\n<p>O lan\u00e7amento aconteceu ap\u00f3s a Ucr\u00e2nia fazer uma&nbsp;<a href=\"https:\/\/www.cnnbrasil.com.br\/internacional\/ucrania-pode-disparar-misseis-franceses-de-longo-alcance-contra-a-russia-diz-ministro-barrot\/\" target=\"_blank\" rel=\"noreferrer noopener\">ofensiva dentro do territ\u00f3rio russo<\/a>&nbsp;usando armamentos fabricados por pot\u00eancias ocidentais, como os Estados Unidos, o Reino Unido e a Fran\u00e7a.<\/p>\n\n\n\n<p>A intelig\u00eancia ocidental denuncia que a R\u00fassia est\u00e1 usando&nbsp;<a href=\"https:\/\/www.cnnbrasil.com.br\/internacional\/tropas-da-coreia-da-norte-foram-localizadas-em-regioes-da-ucrania-dizem-fontes\/\" target=\"_blank\" rel=\"noreferrer noopener\">tropas da Coreia do Norte<\/a>&nbsp;no conflito na Ucr\u00e2nia. Moscou e Pyongyang n\u00e3o negam, nem confirmam o relato.<\/p>\n\n\n\n<p>O presidente Vladimir Putin, que&nbsp;<a href=\"https:\/\/www.cnnbrasil.com.br\/internacional\/vladimir-putin-substitui-ministro-da-defesa-da-russia-por-civil\/\" target=\"_blank\" rel=\"noreferrer noopener\">substituiu seu ministro da Defesa em maio<\/a>, disse que as for\u00e7as russas est\u00e3o&nbsp;<a href=\"https:\/\/www.cnnbrasil.com.br\/internacional\/putin-diz-que-russia-esta-avancando-rapidamente-no-leste-da-ucrania\/\" target=\"_blank\" rel=\"noreferrer noopener\">avan\u00e7ando muito mais efetivamente<\/a>&nbsp;\u2013 e que a R\u00fassia alcan\u00e7ar\u00e1 todos os seus objetivos na Ucr\u00e2nia, embora ele n\u00e3o tenha dado detalhes.<\/p>\n\n\n\n<p>O presidente ucraniano, Volodymyr Zelensky, disse acreditar que os principais objetivos de Putin s\u00e3o ocupar toda a regi\u00e3o de Donbass, abrangendo as regi\u00f5es de Donetsk e Luhansk, e expulsar as tropas ucranianas da regi\u00e3o de Kursk, na R\u00fassia, das quais controlam partes desde agosto.<\/p>\n\n\n\n<p><em>*Rob Picheta, Gawon Bae, Victoria Butenko, Edward Szekeres e Kostyantyn Hak, da&nbsp;<strong>CNN,<\/strong>&nbsp;contribu\u00edram com a reportagem<\/em><\/p>\n","protected":false},"excerpt":{"rendered":"<p>Minist\u00e9rio da Defesa russo informou que ofensivas foram repelidas, de acordo com a ag\u00eancia de not\u00edcias oficial TASS A Ucr\u00e2nia lan\u00e7ou um contra-ataque na regi\u00e3o de fronteira sul da R\u00fassia, em Kursk, pontuando que o pa\u00eds vizinho est\u00e1 \u201crecebendo o que merece\u201d. Andrii Kovalenko, chefe do Centro Ucraniano de Combate \u00e0 Desinforma\u00e7\u00e3o, um \u00f3rg\u00e3o oficial, [&hellip;]<\/p>\n","protected":false},"author":4,"featured_media":1719,"comment_status":"open","ping_status":"open","sticky":false,"template":"","format":"standard","meta":{"footnotes":""},"categories":[19],"tags":[],"_links":{"self":[{"href":"https:\/\/jornalhorizonte.com.br\/index.php?rest_route=\/wp\/v2\/posts\/1718"}],"collection":[{"href":"https:\/\/jornalhorizonte.com.br\/index.php?rest_route=\/wp\/v2\/posts"}],"about":[{"href":"https:\/\/jornalhorizonte.com.br\/index.php?rest_route=\/wp\/v2\/types\/post"}],"author":[{"embeddable":true,"href":"https:\/\/jornalhorizonte.com.br\/index.php?rest_route=\/wp\/v2\/users\/4"}],"replies":[{"embeddable":true,"href":"https:\/\/jornalhorizonte.com.br\/index.php?rest_route=%2Fwp%2Fv2%2Fcomments&post=1718"}],"version-history":[{"count":1,"href":"https:\/\/jornalhorizonte.com.br\/index.php?rest_route=\/wp\/v2\/posts\/1718\/revisions"}],"predecessor-version":[{"id":1720,"href":"https:\/\/jornalhorizonte.com.br\/index.php?rest_route=\/wp\/v2\/posts\/1718\/revisions\/1720"}],"wp:featuredmedia":[{"embeddable":true,"href":"https:\/\/jornalhorizonte.com.br\/index.php?rest_route=\/wp\/v2\/media\/1719"}],"wp:attachment":[{"href":"https:\/\/jornalhorizonte.com.br\/index.php?rest_route=%2Fwp%2Fv2%2Fmedia&parent=1718"}],"wp:term":[{"taxonomy":"category","embeddable":true,"href":"https:\/\/jornalhorizonte.com.br\/index.php?rest_route=%2Fwp%2Fv2%2Fcategories&post=1718"},{"taxonomy":"post_tag","embeddable":true,"href":"https:\/\/jornalhorizonte.com.br\/index.php?rest_route=%2Fwp%2Fv2%2Ftags&post=1718"}],"curies":[{"name":"wp","href":"https:\/\/api.w.org\/{rel}","templated":true}]}}