{"id":1715,"date":"2025-01-05T23:58:53","date_gmt":"2025-01-05T23:58:53","guid":{"rendered":"https:\/\/jornalhorizonte.com.br\/?p=1715"},"modified":"2025-01-05T23:58:55","modified_gmt":"2025-01-05T23:58:55","slug":"governo-interino-da-siria-aumentara-salarios-do-setor-publico-em-400","status":"publish","type":"post","link":"https:\/\/jornalhorizonte.com.br\/?p=1715","title":{"rendered":"Governo interino da S\u00edria aumentar\u00e1 sal\u00e1rios do setor p\u00fablico em 400%"},"content":{"rendered":"\n<p>Ministro afirma que esse \u00e9 primeiro passo em dire\u00e7\u00e3o a uma solu\u00e7\u00e3o emergencial para a realidade econ\u00f4mica do pa\u00eds<\/p>\n\n\n\n<p>O ministro das finan\u00e7as da S\u00edria disse neste domingo (5) que o governo aumentar\u00e1 os sal\u00e1rios de muitos funcion\u00e1rios do setor p\u00fablico em 400% no m\u00eas que vem, ap\u00f3s concluir uma reestrutura\u00e7\u00e3o administrativa dos minist\u00e9rios para aumentar a efici\u00eancia e responsabiliza\u00e7\u00e3o.<\/p>\n\n\n\n<p>O aumento, estimado em 1,65 trilh\u00e3o de libras s\u00edrias, ou cerca de US$ 127 milh\u00f5es nas taxas atuais, ser\u00e1 financiado por recursos estatais existentes, al\u00e9m de uma combina\u00e7\u00e3o de ajuda regional, novos investimentos e esfor\u00e7os para descongelar ativos s\u00edrios mantidos no exterior.<\/p>\n\n\n\n<p>\u201c[Este \u00e9) o primeiro passo em dire\u00e7\u00e3o a uma solu\u00e7\u00e3o emergencial para a realidade econ\u00f4mica do pa\u00eds\u201d, pontuou Mohammed Abazeed, ministro das finan\u00e7as do governo interino da S\u00edria, \u00e0 Reuters, acrescentando que os sal\u00e1rios deste m\u00eas para funcion\u00e1rios do setor p\u00fablico seriam pagos nesta semana.<\/p>\n\n\n\n<p>Essas medidas s\u00e3o parte de uma estrat\u00e9gia&nbsp;<a href=\"https:\/\/www.cnnbrasil.com.br\/internacional\/siria-incluira-todos-os-setores-no-novo-governo-diz-ministro\/\" target=\"_blank\" rel=\"noreferrer noopener\">mais ampla do novo governo interino<\/a>&nbsp;da S\u00edria para estabilizar a economia do pa\u00eds ap\u00f3s 13 anos de conflito e san\u00e7\u00f5es.<\/p>\n\n\n\n<p>Os sal\u00e1rios dos funcion\u00e1rios do setor p\u00fablico sob o regime de Bashar al-Assad eram de cerca de US$ 25 por m\u00eas, colocando-os abaixo da linha da pobreza, junto com a maioria da popula\u00e7\u00e3o do pa\u00eds, segundo Abazeed.<\/p>\n\n\n\n<p>O aumento seguiria uma avalia\u00e7\u00e3o abrangente de at\u00e9 1,3 milh\u00e3o de funcion\u00e1rios registrados do setor p\u00fablico para remover funcion\u00e1rios fict\u00edcios da folha de pagamento e afetaria aqueles com experi\u00eancia suficiente, qualifica\u00e7\u00f5es acad\u00eamicas e as habilidades necess\u00e1rias para a reconstru\u00e7\u00e3o.<\/p>\n\n\n\n<p>O tesouro do Estado da S\u00edria est\u00e1 enfrentando desafios de liquidez decorrentes da guerra civil. A maior parte do dinheiro dispon\u00edvel no banco central \u00e9 moeda s\u00edria, que perdeu muito de seu valor. No entanto, o novo governo recebeu a promessa de assist\u00eancia de pa\u00edses regionais e \u00e1rabes, ressaltou o ministro.<\/p>\n\n\n\n<p>\u201cO lan\u00e7amento de investimentos no pa\u00eds em um futuro pr\u00f3ximo tamb\u00e9m beneficiar\u00e1 o tesouro do Estado e nos permitir\u00e1 financiar esse aumento salarial\u201d, comentou, acrescentando que o banco central atualmente tem fundos suficientes para financiar os pr\u00f3ximos meses.<\/p>\n\n\n\n<p>O governo espera recuperar at\u00e9 US$ 400 milh\u00f5es em ativos s\u00edrios congelados no exterior, o que poderia cofinanciar as despesas iniciais.<\/p>\n\n\n\n<p>A administra\u00e7\u00e3o interina da S\u00edria tamb\u00e9m est\u00e1 discutindo isentar os contribuintes, tanto quanto poss\u00edvel, de multas e juros e trabalhando na revis\u00e3o do sistema tribut\u00e1rio nos pr\u00f3ximos tr\u00eas meses para alcan\u00e7ar justi\u00e7a tribut\u00e1ria para todos os contribuintes, com um primeiro rascunho esperado dentro de quatro meses.<\/p>\n\n\n\n<p>\u201cAt\u00e9 o final deste ano, esperamos ter um sistema tribut\u00e1rio bem projetado que leve em considera\u00e7\u00e3o os interesses de todos os contribuintes\u201d, concluiu.<\/p>\n\n\n\n<h2 class=\"wp-block-heading\"><strong>Entenda o conflito na S\u00edria<\/strong><\/h2>\n\n\n\n<p>O regime da fam\u00edlia Assad foi derrubado na S\u00edria&nbsp;<a href=\"https:\/\/www.cnnbrasil.com.br\/internacional\/rebeldes-sirios-declaram-damasco-livre-e-dizem-que-assad-fugiu\/\" target=\"_blank\" rel=\"noreferrer noopener\">no dia 8 de dezembro, ap\u00f3s 50 anos no poder<\/a>, quando grupos rebeldes tomaram a capital Damasco.<\/p>\n\n\n\n<p>O presidente&nbsp;<a href=\"https:\/\/www.cnnbrasil.com.br\/internacional\/assad-deixou-a-siria-com-instrucoes-de-transferir-o-poder-pacificamente-diz-russia\/\" target=\"_blank\" rel=\"noreferrer noopener\">Bashar al-Assad fugiu do pa\u00eds<\/a>&nbsp;e est\u00e1 em Moscou ap\u00f3s ter conseguido asilo, segundo uma fonte na R\u00fassia.<\/p>\n\n\n\n<p><a href=\"https:\/\/www.cnnbrasil.com.br\/internacional\/entenda-como-o-conflito-na-siria-comecou-e-por-que-ha-novos-ataques\/\" target=\"_blank\" rel=\"noreferrer noopener\">A guerra civil da S\u00edria come\u00e7ou durante<\/a>&nbsp;a Primavera \u00c1rabe, em 2011, quando o regime de&nbsp;<a href=\"https:\/\/www.cnnbrasil.com.br\/internacional\/analise-ilusao-do-dominio-de-assad-sobre-a-siria-se-desfaz-com-ofensiva-rebelde\/\" target=\"_blank\" rel=\"noreferrer noopener\">Bashar al-Assad<\/a>&nbsp;reprimiu uma revolta pr\u00f3-democracia.<\/p>\n\n\n\n<p>O pa\u00eds mergulhou em um conflito em grande escala quando uma for\u00e7a rebelde foi formada, conhecida como Ex\u00e9rcito S\u00edrio Livre, para combater as tropas do governo.<\/p>\n\n\n\n<p>Al\u00e9m disso, o Estado Isl\u00e2mico, um grupo terrorista, tamb\u00e9m conseguiu se firmar no pa\u00eds e chegou a controlar 70% do territ\u00f3rio s\u00edrio.<\/p>\n\n\n\n<p>Os combates aumentaram \u00e0 medida que outros atores regionais e pot\u00eancias mundiais \u2014 da Ar\u00e1bia Saudita, Ir\u00e3, Estados Unidos \u00e0 R\u00fassia \u2014 se juntaram, intensificando a guerra no pa\u00eds para o que alguns observadores descreveram como uma \u201cguerra por procura\u00e7\u00e3o\u201d.<\/p>\n\n\n\n<p>A R\u00fassia se aliou ao governo de Bashar al-Assad para combater o Estado Isl\u00e2mico e os rebeldes, enquanto os Estados Unidos lideraram uma coaliz\u00e3o internacional para repelir o grupo terrorista.<\/p>\n\n\n\n<p>Ap\u00f3s um acordo de cessar-fogo em 2020, o conflito permaneceu em grande parte \u201cadormecido\u201d, com confrontos pequenos entre os rebeldes e o regime de Assad.<\/p>\n\n\n\n<p>Mais de 300 mil civis foram mortos em mais de uma d\u00e9cada de guerra, de acordo com a ONU, e milh\u00f5es de pessoas foram deslocadas pela regi\u00e3o.<\/p>\n\n\n\n<p><\/p>\n","protected":false},"excerpt":{"rendered":"<p>Ministro afirma que esse \u00e9 primeiro passo em dire\u00e7\u00e3o a uma solu\u00e7\u00e3o emergencial para a realidade econ\u00f4mica do pa\u00eds O ministro das finan\u00e7as da S\u00edria disse neste domingo (5) que o governo aumentar\u00e1 os sal\u00e1rios de muitos funcion\u00e1rios do setor p\u00fablico em 400% no m\u00eas que vem, ap\u00f3s concluir uma reestrutura\u00e7\u00e3o administrativa dos minist\u00e9rios para [&hellip;]<\/p>\n","protected":false},"author":4,"featured_media":1716,"comment_status":"open","ping_status":"open","sticky":false,"template":"","format":"standard","meta":{"footnotes":""},"categories":[19],"tags":[],"_links":{"self":[{"href":"https:\/\/jornalhorizonte.com.br\/index.php?rest_route=\/wp\/v2\/posts\/1715"}],"collection":[{"href":"https:\/\/jornalhorizonte.com.br\/index.php?rest_route=\/wp\/v2\/posts"}],"about":[{"href":"https:\/\/jornalhorizonte.com.br\/index.php?rest_route=\/wp\/v2\/types\/post"}],"author":[{"embeddable":true,"href":"https:\/\/jornalhorizonte.com.br\/index.php?rest_route=\/wp\/v2\/users\/4"}],"replies":[{"embeddable":true,"href":"https:\/\/jornalhorizonte.com.br\/index.php?rest_route=%2Fwp%2Fv2%2Fcomments&post=1715"}],"version-history":[{"count":1,"href":"https:\/\/jornalhorizonte.com.br\/index.php?rest_route=\/wp\/v2\/posts\/1715\/revisions"}],"predecessor-version":[{"id":1717,"href":"https:\/\/jornalhorizonte.com.br\/index.php?rest_route=\/wp\/v2\/posts\/1715\/revisions\/1717"}],"wp:featuredmedia":[{"embeddable":true,"href":"https:\/\/jornalhorizonte.com.br\/index.php?rest_route=\/wp\/v2\/media\/1716"}],"wp:attachment":[{"href":"https:\/\/jornalhorizonte.com.br\/index.php?rest_route=%2Fwp%2Fv2%2Fmedia&parent=1715"}],"wp:term":[{"taxonomy":"category","embeddable":true,"href":"https:\/\/jornalhorizonte.com.br\/index.php?rest_route=%2Fwp%2Fv2%2Fcategories&post=1715"},{"taxonomy":"post_tag","embeddable":true,"href":"https:\/\/jornalhorizonte.com.br\/index.php?rest_route=%2Fwp%2Fv2%2Ftags&post=1715"}],"curies":[{"name":"wp","href":"https:\/\/api.w.org\/{rel}","templated":true}]}}