{"id":1707,"date":"2025-01-05T23:49:28","date_gmt":"2025-01-05T23:49:28","guid":{"rendered":"https:\/\/jornalhorizonte.com.br\/?p=1707"},"modified":"2025-01-05T23:49:30","modified_gmt":"2025-01-05T23:49:30","slug":"governo-do-parana-alertou-uniao-sobre-risco-de-tragedia-envolvendo-indigenas","status":"publish","type":"post","link":"https:\/\/jornalhorizonte.com.br\/?p=1707","title":{"rendered":"Governo do Paran\u00e1 alertou Uni\u00e3o sobre \u201crisco de trag\u00e9dia\u201d envolvendo ind\u00edgenas"},"content":{"rendered":"\n<p>Documento encaminhado em outubro, relata escalada da tens\u00e3o na regi\u00e3o oeste do estado<\/p>\n\n\n\n<p>Em documento encaminhado \u00e0 Presid\u00eancia da Rep\u00fablica em outubro do ano passado, o Governo do Paran\u00e1 informou sobre os \u201criscos de trag\u00e9dia\u201d envolvendo ind\u00edgenas na regi\u00e3o oeste do Estado. No of\u00edcio, o qual a&nbsp;<strong>CNN<\/strong>&nbsp;teve acesso, o governador do estado, Ratinho Junior (PSD), cobrou celeridade para uma resolu\u00e7\u00e3o pac\u00edfica que contemple o bem-estar de todos.<\/p>\n\n\n\n<p>\u201cPor se tratar de invas\u00e3o promovida por povos origin\u00e1rios, a administra\u00e7\u00e3o estadual n\u00e3o tem poder para estabelecer sozinha uma media\u00e7\u00e3o, responsabilidade que deve ser assumida pela Uni\u00e3o e pelo Poder Judici\u00e1rio\u201d, pontuou.<\/p>\n\n\n\n<p>Segundo o governador, desde o in\u00edcio dos conflitos, a Pol\u00edcia Militar do Paran\u00e1 tem refor\u00e7ado o policiamento na regi\u00e3o. \u201cH\u00e1 protestos recorrentes nas cidades, diversas manifesta\u00e7\u00f5es de associa\u00e7\u00f5es e federa\u00e7\u00f5es da sociedade civil organizada preocupadas com a situa\u00e7\u00e3o e epis\u00f3dios de viol\u00eancia, como quando um oficial da For\u00e7a Nacional foi agredido e teve seu fuzil roubado\u201d, descreve o documento.<\/p>\n\n\n\n<p>Em resposta, a Presid\u00eancia da Rep\u00fablica informou que as informa\u00e7\u00f5es foram encaminhadas aos Minist\u00e9rios da Justi\u00e7a e Seguran\u00e7a P\u00fablica e dos Povos Ind\u00edgenas, bem como a Secretaria de Rela\u00e7\u00f5es Institucionais.<\/p>\n\n\n\n<p>Neste s\u00e1bado (4), o governo federal&nbsp;<a href=\"https:\/\/www.cnnbrasil.com.br\/politica\/forca-nacional-reforca-policiamento-em-terra-indigena-no-parana\/\">aumentou em 50% o efetivo da For\u00e7a Nacional no oeste do Paran\u00e1<\/a>&nbsp;ap\u00f3s uma s\u00e9rie de<a href=\"https:\/\/www.cnnbrasil.com.br\/nacional\/sul\/pr\/cinco-indigenas-sao-baleados-em-conflito-por-terras-no-parana\/\">&nbsp;ataques violentos contra a comunidade ind\u00edgena Av\u00e1-Guarani<\/a>. No caso mais recente, cinco pessoas foram baleadas, incluindo duas crian\u00e7as.<\/p>\n\n\n\n<p>A For\u00e7a Nacional est\u00e1 na regi\u00e3o desde janeiro do ano passado, quando foram designados 30 agentes, entre policiais militares e bombeiros do Rio de Janeiro. A presen\u00e7a de tropas federais no local visa intensificar o patrulhamento e garantir a prote\u00e7\u00e3o dos ind\u00edgenas na Terra Ind\u00edgena Tekoha Guasu Guavir\u00e1, localizada entre Gua\u00edra e Terra Roxa.<\/p>\n","protected":false},"excerpt":{"rendered":"<p>Documento encaminhado em outubro, relata escalada da tens\u00e3o na regi\u00e3o oeste do estado Em documento encaminhado \u00e0 Presid\u00eancia da Rep\u00fablica em outubro do ano passado, o Governo do Paran\u00e1 informou sobre os \u201criscos de trag\u00e9dia\u201d envolvendo ind\u00edgenas na regi\u00e3o oeste do Estado. No of\u00edcio, o qual a&nbsp;CNN&nbsp;teve acesso, o governador do estado, Ratinho Junior (PSD), [&hellip;]<\/p>\n","protected":false},"author":5,"featured_media":1708,"comment_status":"open","ping_status":"open","sticky":false,"template":"","format":"standard","meta":{"footnotes":""},"categories":[20],"tags":[],"_links":{"self":[{"href":"https:\/\/jornalhorizonte.com.br\/index.php?rest_route=\/wp\/v2\/posts\/1707"}],"collection":[{"href":"https:\/\/jornalhorizonte.com.br\/index.php?rest_route=\/wp\/v2\/posts"}],"about":[{"href":"https:\/\/jornalhorizonte.com.br\/index.php?rest_route=\/wp\/v2\/types\/post"}],"author":[{"embeddable":true,"href":"https:\/\/jornalhorizonte.com.br\/index.php?rest_route=\/wp\/v2\/users\/5"}],"replies":[{"embeddable":true,"href":"https:\/\/jornalhorizonte.com.br\/index.php?rest_route=%2Fwp%2Fv2%2Fcomments&post=1707"}],"version-history":[{"count":1,"href":"https:\/\/jornalhorizonte.com.br\/index.php?rest_route=\/wp\/v2\/posts\/1707\/revisions"}],"predecessor-version":[{"id":1709,"href":"https:\/\/jornalhorizonte.com.br\/index.php?rest_route=\/wp\/v2\/posts\/1707\/revisions\/1709"}],"wp:featuredmedia":[{"embeddable":true,"href":"https:\/\/jornalhorizonte.com.br\/index.php?rest_route=\/wp\/v2\/media\/1708"}],"wp:attachment":[{"href":"https:\/\/jornalhorizonte.com.br\/index.php?rest_route=%2Fwp%2Fv2%2Fmedia&parent=1707"}],"wp:term":[{"taxonomy":"category","embeddable":true,"href":"https:\/\/jornalhorizonte.com.br\/index.php?rest_route=%2Fwp%2Fv2%2Fcategories&post=1707"},{"taxonomy":"post_tag","embeddable":true,"href":"https:\/\/jornalhorizonte.com.br\/index.php?rest_route=%2Fwp%2Fv2%2Ftags&post=1707"}],"curies":[{"name":"wp","href":"https:\/\/api.w.org\/{rel}","templated":true}]}}