{"id":1704,"date":"2025-01-05T23:47:11","date_gmt":"2025-01-05T23:47:11","guid":{"rendered":"https:\/\/jornalhorizonte.com.br\/?p=1704"},"modified":"2025-01-05T23:47:13","modified_gmt":"2025-01-05T23:47:13","slug":"soldado-deixou-territorio-brasileiro-de-forma-rapida-e-segura-diz-governo-de-israel","status":"publish","type":"post","link":"https:\/\/jornalhorizonte.com.br\/?p=1704","title":{"rendered":"Soldado deixou territ\u00f3rio brasileiro de forma \u201cr\u00e1pida e segura\u201d, diz governo de Israel"},"content":{"rendered":"\n<p>Militar israelense \u00e9 alvo de pedido de investiga\u00e7\u00e3o da Justi\u00e7a brasileira; ele deixou o Brasil em um voo de Salvador (BA) para Buenos Aires na noite de s\u00e1bado (4)<\/p>\n\n\n\n<p>O soldado israelense Yuval Vagdani , alvo de um pedido de investiga\u00e7\u00e3o da Justi\u00e7a Federal, deixou o Brasil na noite de s\u00e1bado (4). Conforme apurou a&nbsp;<strong>CNN<\/strong>, o militar saiu do pa\u00eds em um voo comercial com origem em Salvador (BA) e destino a Buenos Aires, capital da Argentina.<\/p>\n\n\n\n<p>Em nota, o Minist\u00e9rio das Rela\u00e7\u00f5es Exteriores de Israel informou que a embaixada israelense no Brasil fez contato com o soldado e sua fam\u00edlia, \u201cprestando apoio durante todo o evento e garantindo sua sa\u00edda r\u00e1pida e segura\u201d do pa\u00eds.<\/p>\n\n\n\n<p>O militar visitava o Brasil a turismo, conforme consta em sua p\u00e1gina pessoal no Instagram. Em uma das fotos, ele aparece com amigos em um hotel em Morro de S\u00e3o Paulo (BA). As imagens constam no processo aberto pela Justi\u00e7a brasileira.<\/p>\n\n\n\n<p>O soldado deixou o Brasil justamente ap\u00f3s a Justi\u00e7a Federal&nbsp;<a href=\"https:\/\/www.cnnbrasil.com.br\/politica\/justica-manda-pf-investigar-soldado-de-israel-que-esta-no-brasil\/\">determinar uma investiga\u00e7\u00e3o<\/a>&nbsp;contra ele por supostos crimes de guerra praticados na Faixa de Gaza. A apura\u00e7\u00e3o ser\u00e1 conduzida pela Pol\u00edcia Federal (PF), com solicita\u00e7\u00f5es de dilig\u00eancias do Minist\u00e9rio P\u00fablico Federal (MPF).<\/p>\n\n\n\n<p>A determina\u00e7\u00e3o \u00e9 da ju\u00edza federal Raquel Soares Charelli, datada de 30 de dezembro de 2024, com despachos em 3 de janeiro para envio de material \u00e0 PF. Em nota divulgada neste domingo (5), a PF confirmou o recebimento da determina\u00e7\u00e3o e disse que \u201canalisa a ado\u00e7\u00e3o das medidas pertinentes\u201d.<\/p>\n\n\n\n<p>O pedido inicial de investiga\u00e7\u00e3o foi feito por meio de uma not\u00edcia-crime formulada pelos advogados Maira Machado Frota Pinheiro e Caio Patr\u00edcio de Almeida, que alegaram que Yuval Vagdani, cidad\u00e3o israelense e poss\u00edvel \u201ccriminoso de guerra\u201d, encontrava-se em territ\u00f3rio nacional.<\/p>\n\n\n\n<p>Segundo os advogados, o Estado brasileiro, como signat\u00e1rio de tratados internacionais, como a Conven\u00e7\u00e3o de Genebra e o Estatuto de Roma, tem o dever de reprimir tais crimes, mesmo que tenham sido cometidos fora do territ\u00f3rio nacional.<\/p>\n\n\n\n<p>Em nota, o governo israelense afirmou que tem \u201cchamado a aten\u00e7\u00e3o\u201d dos israelitas para publica\u00e7\u00f5es feitas nas redes sociais sobre o servi\u00e7o militar. \u201cElementos anti-israelenses podem explorar essas publica\u00e7\u00f5es para iniciar processos judiciais infundados contra eles\u201d, afirmou o governo.<\/p>\n\n\n\n<p>A advogada Maira Machado Frota Pinheiro afirmou que a sa\u00edda do militar israelense do Brasil antes que investiga\u00e7\u00e3o avan\u00e7asse n\u00e3o surpreendeu, destacando que situa\u00e7\u00f5es semelhantes ocorreram em outros pa\u00edses, onde militares israelenses deixaram o territ\u00f3rio ap\u00f3s alertas do governo de Israel.<\/p>\n\n\n\n<h2 class=\"wp-block-heading\">Bolsonaro se manifesta<\/h2>\n\n\n\n<p>Em publica\u00e7\u00e3o no Instagram, o ex-presidente&nbsp;<a href=\"https:\/\/www.cnnbrasil.com.br\/tudo-sobre\/jair-bolsonaro\/\">Jair Bolsonaro<\/a>&nbsp;(PL) compartilhou uma mensagem que relembra o envio de equipes israelenses ao Brasil para auxiliar nas buscas por desaparecidos na&nbsp;<a href=\"https:\/\/www.cnnbrasil.com.br\/nacional\/5-anos-de-brumadinho-o-que-houve-com-os-envolvidos-no-rompimento-da-barragem\/\">trag\u00e9dia de Brumadinho<\/a>, em Minas Gerais.<\/p>\n\n\n\n<p>A publica\u00e7\u00e3o compartilhada por Bolsonaro tamb\u00e9m afirma que o Brasil est\u00e1 \u201ccolocando a Pol\u00edcia Federal para investigar membros das For\u00e7as Armadas de Israel\u201d que est\u00e3o \u201cde f\u00e9rias no Brasil\u201d.<\/p>\n","protected":false},"excerpt":{"rendered":"<p>Militar israelense \u00e9 alvo de pedido de investiga\u00e7\u00e3o da Justi\u00e7a brasileira; ele deixou o Brasil em um voo de Salvador (BA) para Buenos Aires na noite de s\u00e1bado (4) O soldado israelense Yuval Vagdani , alvo de um pedido de investiga\u00e7\u00e3o da Justi\u00e7a Federal, deixou o Brasil na noite de s\u00e1bado (4). Conforme apurou a&nbsp;CNN, [&hellip;]<\/p>\n","protected":false},"author":5,"featured_media":1705,"comment_status":"open","ping_status":"open","sticky":false,"template":"","format":"standard","meta":{"footnotes":""},"categories":[20],"tags":[],"_links":{"self":[{"href":"https:\/\/jornalhorizonte.com.br\/index.php?rest_route=\/wp\/v2\/posts\/1704"}],"collection":[{"href":"https:\/\/jornalhorizonte.com.br\/index.php?rest_route=\/wp\/v2\/posts"}],"about":[{"href":"https:\/\/jornalhorizonte.com.br\/index.php?rest_route=\/wp\/v2\/types\/post"}],"author":[{"embeddable":true,"href":"https:\/\/jornalhorizonte.com.br\/index.php?rest_route=\/wp\/v2\/users\/5"}],"replies":[{"embeddable":true,"href":"https:\/\/jornalhorizonte.com.br\/index.php?rest_route=%2Fwp%2Fv2%2Fcomments&post=1704"}],"version-history":[{"count":1,"href":"https:\/\/jornalhorizonte.com.br\/index.php?rest_route=\/wp\/v2\/posts\/1704\/revisions"}],"predecessor-version":[{"id":1706,"href":"https:\/\/jornalhorizonte.com.br\/index.php?rest_route=\/wp\/v2\/posts\/1704\/revisions\/1706"}],"wp:featuredmedia":[{"embeddable":true,"href":"https:\/\/jornalhorizonte.com.br\/index.php?rest_route=\/wp\/v2\/media\/1705"}],"wp:attachment":[{"href":"https:\/\/jornalhorizonte.com.br\/index.php?rest_route=%2Fwp%2Fv2%2Fmedia&parent=1704"}],"wp:term":[{"taxonomy":"category","embeddable":true,"href":"https:\/\/jornalhorizonte.com.br\/index.php?rest_route=%2Fwp%2Fv2%2Fcategories&post=1704"},{"taxonomy":"post_tag","embeddable":true,"href":"https:\/\/jornalhorizonte.com.br\/index.php?rest_route=%2Fwp%2Fv2%2Ftags&post=1704"}],"curies":[{"name":"wp","href":"https:\/\/api.w.org\/{rel}","templated":true}]}}