{"id":1700,"date":"2024-11-25T23:12:03","date_gmt":"2024-11-25T23:12:03","guid":{"rendered":"https:\/\/jornalhorizonte.com.br\/?p=1700"},"modified":"2024-11-25T23:12:04","modified_gmt":"2024-11-25T23:12:04","slug":"indiciamento-de-bolsonaro-tem-mais-apoio-do-que-criticas-nas-redes-sociais","status":"publish","type":"post","link":"https:\/\/jornalhorizonte.com.br\/?p=1700","title":{"rendered":"Indiciamento de Bolsonaro tem mais apoio do que cr\u00edticas nas redes sociais"},"content":{"rendered":"\n<p>Levantamento da Nexus indica sentimento favor\u00e1vel \u00e0 atua\u00e7\u00e3o da PF<\/p>\n\n\n\n<p>Tr\u00eas em cada quatro postagens opinativas nas redes sociais, nos \u00faltimos dias, s\u00e3o favor\u00e1veis ao&nbsp;<a href=\"https:\/\/www.cnnbrasil.com.br\/politica\/bolsonaro-indiciado-tres-vezes-saiba-como-esta-o-andamento-de-cada-inquerito\/\">indiciamento do ex-presidente Jair Bolsonaro<\/a>&nbsp;(PL) pela&nbsp;<a href=\"https:\/\/www.cnnbrasil.com.br\/politica\/pf-deve-indiciar-bolsonaro-militares-e-ex-ministros-por-plano-de-golpe\/\">Pol\u00edcia Federal<\/a>.<\/p>\n\n\n\n<p>Os dados fazem parte de um levantamento in\u00e9dito da Nexus Pesquisa e Intelig\u00eancia de Dados, obtido pela\u00a0<strong>CNN<\/strong>, realizado entre quinta-feira (21) e sexta-feira (22) de manh\u00e3.<\/p>\n\n\n\n<p>O monitoramento analisou 3,8 mil publica\u00e7\u00f5es em tr\u00eas plataformas \u2014 X, Instagram e Facebook. Esse universo de postagens gerou&nbsp;<strong>2,6<\/strong>&nbsp;milh\u00f5es de intera\u00e7\u00f5es, o que representa cerca de&nbsp;<strong>95%<\/strong>&nbsp;do engajamento total nas redes (compartilhamentos, curtidas e coment\u00e1rios).<\/p>\n\n\n\n<p>De acordo com a Nexus,&nbsp;<strong>63%<\/strong>&nbsp;das publica\u00e7\u00f5es s\u00e3o neutras. Elas reproduzem, majoritamente, informa\u00e7\u00f5es de car\u00e1ter noticioso divulgadas pela imprensa.<\/p>\n\n\n\n<p>Das postagens restantes, que t\u00eam vi\u00e9s claro,&nbsp;<strong>28%<\/strong>&nbsp;apoiam a atua\u00e7\u00e3o da PF e&nbsp;<strong>9%<\/strong>&nbsp;s\u00e3o contra o indiciamento de Bolsonaro \u2014 a propor\u00e7\u00e3o \u00e9 de tr\u00eas por um a favor.<\/p>\n\n\n\n<p>Por rede social, os destaques do levantamento s\u00e3o os seguintes:<\/p>\n\n\n\n<ul>\n<li>&nbsp;O maior apoio ao indiciamento foi registrada no X:&nbsp;<strong>46%<\/strong>&nbsp;a favor, seguido por&nbsp;<strong>37%<\/strong>&nbsp;neutros e&nbsp;<strong>18%<\/strong>&nbsp;contr\u00e1rios.<\/li>\n\n\n\n<li>&nbsp;No Instagram, prevaleceu a neutralidade (<strong>82%)<\/strong>, seguida por&nbsp;<strong>17%<\/strong>&nbsp;a favor e apenas&nbsp;<strong>2%<\/strong>&nbsp;contra.<\/li>\n\n\n\n<li>&nbsp;J\u00e1 no Facebook,<strong>&nbsp;70%<\/strong>&nbsp;das publica\u00e7\u00f5es foram neutras,&nbsp;<strong>21%<\/strong>&nbsp;favor\u00e1veis ao indiciamento e<strong>&nbsp;9%<\/strong>&nbsp;contr\u00e1rias.<\/li>\n<\/ul>\n\n\n\n<blockquote class=\"wp-block-quote\">\n<p><a href=\"https:\/\/stories.cnnbrasil.com.br\/politica\/bolsonaro-e-indiciado-pela-terceira-vez-saiba-os-inqueritos-da-pf\/\">Bolsonaro \u00e9 indiciado pela terceira vez; saiba os inqu\u00e9ritos da PF<\/a><\/p>\n<\/blockquote>\n","protected":false},"excerpt":{"rendered":"<p>Levantamento da Nexus indica sentimento favor\u00e1vel \u00e0 atua\u00e7\u00e3o da PF Tr\u00eas em cada quatro postagens opinativas nas redes sociais, nos \u00faltimos dias, s\u00e3o favor\u00e1veis ao&nbsp;indiciamento do ex-presidente Jair Bolsonaro&nbsp;(PL) pela&nbsp;Pol\u00edcia Federal. Os dados fazem parte de um levantamento in\u00e9dito da Nexus Pesquisa e Intelig\u00eancia de Dados, obtido pela\u00a0CNN, realizado entre quinta-feira (21) e sexta-feira (22) [&hellip;]<\/p>\n","protected":false},"author":5,"featured_media":1701,"comment_status":"open","ping_status":"open","sticky":false,"template":"","format":"standard","meta":{"footnotes":""},"categories":[20],"tags":[],"_links":{"self":[{"href":"https:\/\/jornalhorizonte.com.br\/index.php?rest_route=\/wp\/v2\/posts\/1700"}],"collection":[{"href":"https:\/\/jornalhorizonte.com.br\/index.php?rest_route=\/wp\/v2\/posts"}],"about":[{"href":"https:\/\/jornalhorizonte.com.br\/index.php?rest_route=\/wp\/v2\/types\/post"}],"author":[{"embeddable":true,"href":"https:\/\/jornalhorizonte.com.br\/index.php?rest_route=\/wp\/v2\/users\/5"}],"replies":[{"embeddable":true,"href":"https:\/\/jornalhorizonte.com.br\/index.php?rest_route=%2Fwp%2Fv2%2Fcomments&post=1700"}],"version-history":[{"count":1,"href":"https:\/\/jornalhorizonte.com.br\/index.php?rest_route=\/wp\/v2\/posts\/1700\/revisions"}],"predecessor-version":[{"id":1702,"href":"https:\/\/jornalhorizonte.com.br\/index.php?rest_route=\/wp\/v2\/posts\/1700\/revisions\/1702"}],"wp:featuredmedia":[{"embeddable":true,"href":"https:\/\/jornalhorizonte.com.br\/index.php?rest_route=\/wp\/v2\/media\/1701"}],"wp:attachment":[{"href":"https:\/\/jornalhorizonte.com.br\/index.php?rest_route=%2Fwp%2Fv2%2Fmedia&parent=1700"}],"wp:term":[{"taxonomy":"category","embeddable":true,"href":"https:\/\/jornalhorizonte.com.br\/index.php?rest_route=%2Fwp%2Fv2%2Fcategories&post=1700"},{"taxonomy":"post_tag","embeddable":true,"href":"https:\/\/jornalhorizonte.com.br\/index.php?rest_route=%2Fwp%2Fv2%2Ftags&post=1700"}],"curies":[{"name":"wp","href":"https:\/\/api.w.org\/{rel}","templated":true}]}}