{"id":1697,"date":"2024-11-25T23:09:34","date_gmt":"2024-11-25T23:09:34","guid":{"rendered":"https:\/\/jornalhorizonte.com.br\/?p=1697"},"modified":"2024-11-25T23:09:36","modified_gmt":"2024-11-25T23:09:36","slug":"general-indiciado-pediu-para-ramos-blindar-bolsonaro-de-desestimulo-ouca-audio","status":"publish","type":"post","link":"https:\/\/jornalhorizonte.com.br\/?p=1697","title":{"rendered":"General indiciado pediu para Ramos blindar Bolsonaro de \u201cdesest\u00edmulo\u201d; ou\u00e7a \u00e1udio"},"content":{"rendered":"\n<p>\u00c1udios obtidos pela CNN mostram Mario Fernandes falando que \u201ccomandante da For\u00e7a sinalizaria\u201d que o presidente \u201cpodia dar a ordem\u201d<\/p>\n\n\n\n<p>Preso e indiciado por tentativa de golpe de Estado, o general Mario Fernandes pediu ao tamb\u00e9m general Luiz Eduardo Ramos para blindar o presidente Jair Bolsonaro (PL) contra \u201cqualquer desest\u00edmulo\u201d que o fizesse desistir dos \u201cintentos antidemocr\u00e1ticos\u201d, segundo relat\u00f3rio da Pol\u00edcia Federal (PF).<\/p>\n\n\n\n<p>A conclus\u00e3o da PF se baseia em mensagens trocadas pelos militares. A CNN conseguiu acesso aos \u00e1udios dessas mensagens.<\/p>\n\n\n\n<p>Na conversa, Fernandes tamb\u00e9m afirmou a Ramos que fontes \u201csinalizaram\u201d para ele que o \u201ccomandante da For\u00e7a\u201d iria avisar ao presidente que ele \u201cpodia dar a ordem\u201d.<\/p>\n\n\n\n<p>A mensagem de Fernandes a Ramos foi enviada em 15 de dezembro, conforme a PF. Na data, seria colocado em pr\u00e1tica o plano para matar o presidente eleito Luiz In\u00e1cio Lula da Silva (PT), seu vice, Geraldo Alckmin (PSB), e o ministro Alexandre de Moraes, do Supremo Tribunal Federal (STF).<\/p>\n\n\n\n<p>Na \u00e9poca, Ramos era ministro-chefe da Secretaria-Geral da Presid\u00eancia da Rep\u00fablica.<\/p>\n\n\n\n<p>\u201cFor\u00e7a, Kid Preto. Kid preto, algumas fontes sinalizaram que o comandante da For\u00e7a sinalizaria hoje, foi ao Alvorada para sinalizar o presidente que ele podia dar a ordem\u201d, disse Mario Fernandes.<\/p>\n\n\n\n<p>\u201cSe o senhor t\u00e1 com o presidente agora e ouvir a tempo, porra, blinda ele contra qualquer desest\u00edmulo, qualquer assessoramento diferente. Isso \u00e9 importante, Kid preto. For\u00e7a\u201d, afirmou.<\/p>\n\n\n\n<p>Luiz Eduardo Ramos n\u00e3o foi indiciado na investiga\u00e7\u00e3o sobre a suposta tentativa de golpe.<\/p>\n\n\n\n<p>Ainda segundo a PF, Mario Fernandes encaminha a Ramos no dia seguinte, 16 de dezembro, um \u00e1udio de uma pessoa n\u00e3o identificada questionando se seria \u201cposs\u00edvel que n\u00f3s vamos atrasar 10 anos\u201d.<\/p>\n\n\n\n<p>\u201cO senhor t\u00e1 vendo as coisas que t\u00e3o acontecendo a\u00ed? N\u00f3s vamos atrasar 10 anos? Voc\u00eas n\u00e3o v\u00e3o fazer nada? N\u00e3o \u00e9 poss\u00edvel, eu n\u00e3o acredito. N\u00e3o tem condi\u00e7\u00e3o\u201d, disse a pessoa no \u00e1udio encaminhado.<\/p>\n\n\n\n<p>Ramos j\u00e1 tinha deixado de responder mensagens anteriores recebidas de M\u00e1rio Fernandes. Um \u00e1udio sobre fraude nas urnas eletr\u00f4nicas, encaminhado em novembro de 2022, por exemplo, \u201caparentemente\u201d n\u00e3o teve resposta, segundo a investiga\u00e7\u00e3o. A PF n\u00e3o deixa claro se os \u00e1udios de dezembros tamb\u00e9m foram ignorados pelo ent\u00e3o ministro da Secretaria-Geral da Presid\u00eancia.<\/p>\n\n\n\n<p>De acordo com a investiga\u00e7\u00e3o, \u00e1udios enviados por Fernandes a outras pessoas, no final de dezembro de 2022, demonstram que ele \u201cestava frustrado com as For\u00e7as Armadas, que estariam aguardando uma decis\u00e3o pol\u00edtica para atuar\u201d.<\/p>\n\n\n\n<h2 class=\"wp-block-heading\">Indiciamento<\/h2>\n\n\n\n<p>A investiga\u00e7\u00e3o sobre a suposta tentativa de golpe foi conclu\u00edda na quinta-feira (21). O inqu\u00e9rito foi enviado ao ministro Alexandre de Moraes, relator da apura\u00e7\u00e3o.<\/p>\n\n\n\n<p>O magistrado deve encaminhar o material ainda nesta semana para avalia\u00e7\u00e3o da Procuradoria-Geral da Rep\u00fablica (PGR).<\/p>\n\n\n\n<p>A PF indiciou no caso o ex-presidente Jair Bolsonaro (PL) e outras 36 pessoas pelos crimes de aboli\u00e7\u00e3o violenta do Estado Democr\u00e1tico de Direito, golpe de Estado e organiza\u00e7\u00e3o criminosa.<\/p>\n\n\n\n<p>Segundo a investiga\u00e7\u00e3o, Bolsonaro, integrantes do seu governo, auxiliares e militares planejaram um golpe para manter o ex-presidente no poder.<\/p>\n\n\n\n<p>O suposto golpe passaria, inclusive, pelos assassinatos de Lula, do seu vice, Geraldo Alckmin, e do ministro Alexandre de Moraes, em dezembro de 2022.<\/p>\n\n\n\n<p>O relat\u00f3rio conclusivo da PF tem 884 p\u00e1ginas.<\/p>\n","protected":false},"excerpt":{"rendered":"<p>\u00c1udios obtidos pela CNN mostram Mario Fernandes falando que \u201ccomandante da For\u00e7a sinalizaria\u201d que o presidente \u201cpodia dar a ordem\u201d Preso e indiciado por tentativa de golpe de Estado, o general Mario Fernandes pediu ao tamb\u00e9m general Luiz Eduardo Ramos para blindar o presidente Jair Bolsonaro (PL) contra \u201cqualquer desest\u00edmulo\u201d que o fizesse desistir dos [&hellip;]<\/p>\n","protected":false},"author":5,"featured_media":1698,"comment_status":"open","ping_status":"open","sticky":false,"template":"","format":"standard","meta":{"footnotes":""},"categories":[20],"tags":[],"_links":{"self":[{"href":"https:\/\/jornalhorizonte.com.br\/index.php?rest_route=\/wp\/v2\/posts\/1697"}],"collection":[{"href":"https:\/\/jornalhorizonte.com.br\/index.php?rest_route=\/wp\/v2\/posts"}],"about":[{"href":"https:\/\/jornalhorizonte.com.br\/index.php?rest_route=\/wp\/v2\/types\/post"}],"author":[{"embeddable":true,"href":"https:\/\/jornalhorizonte.com.br\/index.php?rest_route=\/wp\/v2\/users\/5"}],"replies":[{"embeddable":true,"href":"https:\/\/jornalhorizonte.com.br\/index.php?rest_route=%2Fwp%2Fv2%2Fcomments&post=1697"}],"version-history":[{"count":1,"href":"https:\/\/jornalhorizonte.com.br\/index.php?rest_route=\/wp\/v2\/posts\/1697\/revisions"}],"predecessor-version":[{"id":1699,"href":"https:\/\/jornalhorizonte.com.br\/index.php?rest_route=\/wp\/v2\/posts\/1697\/revisions\/1699"}],"wp:featuredmedia":[{"embeddable":true,"href":"https:\/\/jornalhorizonte.com.br\/index.php?rest_route=\/wp\/v2\/media\/1698"}],"wp:attachment":[{"href":"https:\/\/jornalhorizonte.com.br\/index.php?rest_route=%2Fwp%2Fv2%2Fmedia&parent=1697"}],"wp:term":[{"taxonomy":"category","embeddable":true,"href":"https:\/\/jornalhorizonte.com.br\/index.php?rest_route=%2Fwp%2Fv2%2Fcategories&post=1697"},{"taxonomy":"post_tag","embeddable":true,"href":"https:\/\/jornalhorizonte.com.br\/index.php?rest_route=%2Fwp%2Fv2%2Ftags&post=1697"}],"curies":[{"name":"wp","href":"https:\/\/api.w.org\/{rel}","templated":true}]}}