{"id":163,"date":"2018-12-26T02:49:48","date_gmt":"2018-12-26T02:49:48","guid":{"rendered":"http:\/\/jornalhorizontebh.com.br\/?p=163"},"modified":"2019-01-08T11:37:49","modified_gmt":"2019-01-08T11:37:49","slug":"donald-trump-critica-fed-novamente-sobre-juros-e-diz-que-empresas-dos-eua-sao-oportunidade","status":"publish","type":"post","link":"https:\/\/jornalhorizonte.com.br\/?p=163","title":{"rendered":"Donald Trump critica Fed novamente sobre juros e diz que empresas dos EUA s\u00e3o &#8216;oportunidade&#8217;"},"content":{"rendered":"\n<p>Por: Bernardo Zeymer Soares &#8211; O presidente dos\u00a0<a href=\"https:\/\/g1.globo.com\/tudo-sobre\/estados-unidos\/\">Estados Unidos<\/a>,\u00a0<a href=\"https:\/\/g1.globo.com\/tudo-sobre\/donald-trump\/\">Donald Trump<\/a>, reiterou nesta ter\u00e7a-feira (25) que o Federal Reserve, o Banco Central americano, estava aumentando as taxas de juros muito rapidamente. Ele depois acrescentou que as empresas do pa\u00eds eram &#8220;as maiores do mundo&#8221; e apresentavam uma &#8220;tremenda&#8221; oportunidade de compra para investidores.<\/p>\n\n\n\n<blockquote class=\"wp-block-quote\"><p>&#8220;Eles est\u00e3o aumentando as taxas de juros muito rapidamente porque eles acreditam que a economia est\u00e1 muito bem. Mas eu acho que eles v\u00e3o entender isso muito em breve&#8221;, disse Trump a jornalistas no sal\u00e3o oval da Casa Branca, referindo-se ao Banco Central norte-americano.<\/p><\/blockquote>\n\n\n\n<p>&#8220;Eu tenho muita confian\u00e7a nas nossas empresas. Temos empresas, as maiores do mundo, e elas est\u00e3o indo muito bem. Elas t\u00eam n\u00fameros recordes. Ent\u00e3o acredito que essa seja uma oportunidade enorme de compra&#8221;, disse Trump ap\u00f3s falar com as tropas norte-americanas destacadas no exterior porvideoconfer\u00eancia.<\/p>\n\n\n\n<ul><li><a href=\"https:\/\/g1.globo.com\/mundo\/noticia\/2018\/12\/25\/paralisacao-parcial-do-governo-dos-eua-continuara-ate-acordo-sobre-muro-diz-trump.ghtml\">Paralisa\u00e7\u00e3o no governo continuar\u00e1 at\u00e9 acordo sobre muro, diz Trump<\/a><\/li><\/ul>\n\n\n\n<p>A\u00e7\u00f5es dos EUA ca\u00edram bruscamente nas \u00faltimas semanas com preocupa\u00e7\u00f5es sobre um crescimento de econ\u00f4mico mais fraco.&nbsp;<a href=\"https:\/\/g1.globo.com\/economia\/noticia\/2018\/12\/24\/bolsas-dos-eua-tem-forte-queda-apos-criticas-de-trump-ao-fed.ghtml\">Trump colocou a culpa no Fed, abertamente criticando seu presidente, Jerome Powell, que ele mesmo indicou.<\/a><\/p>\n\n\n\n<p>Informa\u00e7\u00f5es na imprensa sugerem que Trump j\u00e1 chegou a discutir a demiss\u00e3o de Powell. O presidente disse \u00e0 Reuters em agosto que n\u00e3o estava &#8220;empolgado&#8221; com o presidente do Fed.<\/p>\n\n\n\n<p><a href=\"https:\/\/g1.globo.com\/economia\/noticia\/2018\/12\/24\/o-unico-problema-que-nossa-economia-tem-e-o-fed-diz-trump.ghtml\">Na segunda-feira, Trump disse que &#8220;o \u00fanico problema que a nossa economia tem \u00e9 o Fed&#8221;<\/a>.<\/p>\n\n\n\n<h2 class=\"wp-block-heading\">\u00cdndices em queda nos EUA<\/h2>\n\n\n\n<p>Todos os tr\u00eas maiores \u00edndices de a\u00e7\u00f5es dos Estados Unidos encerraram em queda de mais de 2 por cento no dia antes do feriado de Natal.<\/p>\n\n\n\n<p>O S&amp;P 500 perdeu mais de 19,8 por cento de seu valor do fechamento desde em 20 de setembro, pouco abaixo do patamar de 20 por cento que define normalmente um mercado em tend\u00eancia de baixa.<\/p>\n\n\n\n<p>O Fed subiu as taxas de juros novamente na semana passada, como era amplamente esperado.<\/p>\n\n\n\n<figure><iframe loading=\"lazy\" src=\"https:\/\/tpc.googlesyndication.com\/safeframe\/1-0-31\/html\/container.html\" width=\"970\" height=\"90\"><\/iframe><\/figure>\n\n\n\n<p>O secret\u00e1rio do Tesouro, Steve Mnuchin, fez uma teleconfer\u00eancia com o grupo de trabalho do presidente sobre mercados financeiros, um \u00f3rg\u00e3o conhecido informalmente como a &#8220;equipe de prote\u00e7\u00e3o de quedas&#8221;, que normalmente s\u00f3 se re\u00fane durante tempos de volatilidade pesada no mercado.<\/p>\n\n\n\n<p>A reuni\u00e3o, no entanto, agitou mais os mercados do que os tranquilizou.<\/p>\n\n\n\n<p>Reguladores presentes na liga\u00e7\u00e3o disseram que n\u00e3o viam nada fora do normal nos mercados financeiros durante as vendas recentes, de acordo com fontes familiarizadas com o assunto.<\/p>\n","protected":false},"excerpt":{"rendered":"<p>Por: Bernardo Zeymer Soares &#8211; O presidente dos\u00a0Estados Unidos,\u00a0Donald Trump, reiterou nesta ter\u00e7a-feira (25) que o Federal Reserve, o Banco Central americano, estava aumentando as taxas de juros muito rapidamente. Ele depois acrescentou que as empresas do pa\u00eds eram &#8220;as maiores do mundo&#8221; e apresentavam uma &#8220;tremenda&#8221; oportunidade de compra para investidores. &#8220;Eles est\u00e3o aumentando [&hellip;]<\/p>\n","protected":false},"author":3,"featured_media":169,"comment_status":"open","ping_status":"open","sticky":false,"template":"","format":"standard","meta":{"footnotes":""},"categories":[2,19],"tags":[],"_links":{"self":[{"href":"https:\/\/jornalhorizonte.com.br\/index.php?rest_route=\/wp\/v2\/posts\/163"}],"collection":[{"href":"https:\/\/jornalhorizonte.com.br\/index.php?rest_route=\/wp\/v2\/posts"}],"about":[{"href":"https:\/\/jornalhorizonte.com.br\/index.php?rest_route=\/wp\/v2\/types\/post"}],"author":[{"embeddable":true,"href":"https:\/\/jornalhorizonte.com.br\/index.php?rest_route=\/wp\/v2\/users\/3"}],"replies":[{"embeddable":true,"href":"https:\/\/jornalhorizonte.com.br\/index.php?rest_route=%2Fwp%2Fv2%2Fcomments&post=163"}],"version-history":[{"count":0,"href":"https:\/\/jornalhorizonte.com.br\/index.php?rest_route=\/wp\/v2\/posts\/163\/revisions"}],"wp:featuredmedia":[{"embeddable":true,"href":"https:\/\/jornalhorizonte.com.br\/index.php?rest_route=\/wp\/v2\/media\/169"}],"wp:attachment":[{"href":"https:\/\/jornalhorizonte.com.br\/index.php?rest_route=%2Fwp%2Fv2%2Fmedia&parent=163"}],"wp:term":[{"taxonomy":"category","embeddable":true,"href":"https:\/\/jornalhorizonte.com.br\/index.php?rest_route=%2Fwp%2Fv2%2Fcategories&post=163"},{"taxonomy":"post_tag","embeddable":true,"href":"https:\/\/jornalhorizonte.com.br\/index.php?rest_route=%2Fwp%2Fv2%2Ftags&post=163"}],"curies":[{"name":"wp","href":"https:\/\/api.w.org\/{rel}","templated":true}]}}